{"id":203006,"date":"2021-02-02T11:54:46","date_gmt":"2021-02-02T14:54:46","guid":{"rendered":"https:\/\/www.redenoticia.com.br\/noticia\/?p=203006"},"modified":"2021-02-02T11:54:46","modified_gmt":"2021-02-02T14:54:46","slug":"resumo-quando-me-apaixono-03-02-marina-descobre-que-saul-pode-ter-fugido-para-las-vegas","status":"publish","type":"post","link":"https:\/\/migracao.redenoticia.com.br\/noticia\/2021\/resumo-quando-me-apaixono-03-02-marina-descobre-que-saul-pode-ter-fugido-para-las-vegas\/203006","title":{"rendered":"Resumo \u201cQuando me Apaixono\u201d 03\/02: Marina descobre que Saul pode ter fugido para Las Vegas"},"content":{"rendered":"<p><img loading=\"lazy\" decoding=\"async\" class=\"aligncenter size-full wp-image-195889\" src=\"https:\/\/migracao.redenoticia.com.br\/noticia\/imagens\/quando-me-apaixono-elenco.jpg\" alt=\"\" width=\"1280\" height=\"720\" srcset=\"https:\/\/migracao.redenoticia.com.br\/noticia\/imagens\/quando-me-apaixono-elenco.jpg 1280w, https:\/\/migracao.redenoticia.com.br\/noticia\/imagens\/quando-me-apaixono-elenco-250x140.jpg 250w, https:\/\/migracao.redenoticia.com.br\/noticia\/imagens\/quando-me-apaixono-elenco-400x225.jpg 400w, https:\/\/migracao.redenoticia.com.br\/noticia\/imagens\/quando-me-apaixono-elenco-768x432.jpg 768w, https:\/\/migracao.redenoticia.com.br\/noticia\/imagens\/quando-me-apaixono-elenco-150x85.jpg 150w, https:\/\/migracao.redenoticia.com.br\/noticia\/imagens\/quando-me-apaixono-elenco-696x392.jpg 696w, https:\/\/migracao.redenoticia.com.br\/noticia\/imagens\/quando-me-apaixono-elenco-1068x601.jpg 1068w\" sizes=\"auto, (max-width: 1280px) 100vw, 1280px\" \/><\/p>\n<p><strong><em>Resumo da novela \u201cQuando me Apaixono\u201d<\/em><\/strong> em 03\/02: no cap\u00edtulo 143(*) da novela, Germano leva Gema para almo\u00e7ar e diz a ela que planejou viajar em um fim de semana de neg\u00f3cios. Ela est\u00e1 emocionada por poder se juntar a ele. Ele sugere que talvez seja melhor para eles irem a Miami no fim de semana seguinte, para visitarem o filho juntos. Ela est\u00e1 surpresa, ela pensou que ele n\u00e3o queria ver seu filho. Germano diz que mudou de atitude e Gema aceita sua proposta.<\/p>\n<p>Marina descobre que Saul pode ter fugido para Las Vegas. Apenas Las Vegas d\u00e1 a Saul a adrenalina que ele tanto deseja. Regina e Gon\u00e7alo discutem em voz alta o que podem aprender na casa de In\u00eas e Isidro enquanto Roberta se junta a eles. Ela n\u00e3o percebe o que eles est\u00e3o discutindo, nem percebe a grande caixinha de fotos sobre a mesa, porque ela vai com Germano fechar um contrato importante. Renata se junta a eles. Gon\u00e7alo diz que ainda n\u00e3o h\u00e1 not\u00edcias de seu investigador sobre as fitas do aeroporto. Renata est\u00e1 se matando de preocupa\u00e7\u00e3o e Regina a aconselha a relaxar. Gon\u00e7alo e Regina insistem que sua sa\u00fade est\u00e1 em jogo.<\/p>\n<p>Augusto recebe as \u00faltimas atualiza\u00e7\u00f5es do aeroporto. O investigador verificou as fitas e n\u00e3o encontrou nada. Em A Bonita, An\u00edbal conta para L\u00e1zaro e Carlos sobre a morte de sua m\u00e3e e porque ele veio procurar seu pai. Alison defende An\u00edbal. Ele mostra a carta que Augusto escreveu para sua m\u00e3e h\u00e1 tantos anos, pedindo que ela abortasse. Alison explica que An\u00edbal veio esperando que seu pai o conhecesse e mudasse de ideia, mas n\u00e3o foi assim. Al\u00e9m disso, Augusto o atacou. L\u00e1zaro e Carlos cedem e dizem que ele pode ficar.<\/p>\n<p>Matilde informa que, mais uma vez, ela e Carlos decidiram adiar o casamento, desta vez at\u00e9 saberem not\u00edcias de Jer\u00f4nimo. Padre Severino chega e pergunta se h\u00e1 alguma atualiza\u00e7\u00e3o sobre o desaparecimento de Jer\u00f4nimo. Eles compartilham o que sabem e o Padre revela que Saul mentiu. Regina e Renata est\u00e3o saindo para a consulta m\u00e9dica de Renata quando Ant\u00f4nio e Marina aparecem. Eles n\u00e3o t\u00eam not\u00edcias sobre Jer\u00f4nimo, mas algumas informa\u00e7\u00f5es novas sobre Saul. \u00c9 prov\u00e1vel que ele tenha fugido para Las Vegas, ent\u00e3o, talvez o investigador possa encontr\u00e1-lo. Renata resolve ligar para Gon\u00e7alo e diz a Ant\u00f4nio que toda a tecnologia est\u00e1 \u00e0 sua disposi\u00e7\u00e3o para tentar localizar Saul.<\/p>\n<p>(*) edi\u00e7\u00e3o das novelas do SBT, \u201cQuando me Apaixono \u201d, sujeito a altera\u00e7\u00e3o de data e conte\u00fado.<\/p>\n<p>Sinopse \u201cQuando me Apaixono\u201d: A hist\u00f3ria come\u00e7a com o nascimento de duas meninas, Regina e Roberta; ambas s\u00e3o filhas de Roberto Gamba (Sebasti\u00e1n Rulli), mas de m\u00e3es diferentes. Enquanto Regina \u00e9 filha de Regina Sober\u00f3n Gamba (Lidia \u00c1vila\/Julieta Rosen), a esposa leg\u00edtima de Roberto, Roberta \u00e9 filha de Josefina &#8220;Pepa&#8221; \u00c1lvarez Mart\u00ednez (Margarita Maga\u00f1a\/Roc\u00edo Banquells), a amante de Roberto.<\/p>\n<p>Quando Roberto diz a Pepa que n\u00e3o vai deixar sua esposa e sua filha Regina, aquela, cheia de raiva depois de causar a morte de Roberto, decide raptar a filha de Regina para se vingar dela e faz\u00ea-la sofrer. Pepa muda o nome de Regina para Renata e foge com as duas meninas, deixando Regina despeda\u00e7ada pela perda de sua filha.<\/p>\n","protected":false},"excerpt":{"rendered":"<p>Resumo da novela \u201cQuando me Apaixono\u201d em 03\/02: no cap\u00edtulo 143(*) da novela, Germano leva Gema para almo\u00e7ar e diz a ela que planejou viajar em um fim de semana de neg\u00f3cios. Ela est\u00e1 emocionada por poder se juntar a ele. Ele sugere que talvez seja melhor para eles irem a Miami no fim de [&hellip;]<\/p>\n","protected":false},"author":4,"featured_media":195893,"comment_status":"closed","ping_status":"closed","sticky":false,"template":"","format":"standard","meta":{"tdm_status":"","tdm_grid_status":"","footnotes":""},"categories":[379,2028,2025,372,343],"tags":[441],"class_list":{"0":"post-203006","1":"post","2":"type-post","3":"status-publish","4":"format-standard","5":"has-post-thumbnail","7":"category-novelas","8":"category-quando-me-apaixono","9":"category-resumo","10":"category-sbt","11":"category-televisao","12":"tag-resumo-do-dia"},"_links":{"self":[{"href":"https:\/\/migracao.redenoticia.com.br\/noticia\/wp-json\/wp\/v2\/posts\/203006","targetHints":{"allow":["GET"]}}],"collection":[{"href":"https:\/\/migracao.redenoticia.com.br\/noticia\/wp-json\/wp\/v2\/posts"}],"about":[{"href":"https:\/\/migracao.redenoticia.com.br\/noticia\/wp-json\/wp\/v2\/types\/post"}],"author":[{"embeddable":true,"href":"https:\/\/migracao.redenoticia.com.br\/noticia\/wp-json\/wp\/v2\/users\/4"}],"replies":[{"embeddable":true,"href":"https:\/\/migracao.redenoticia.com.br\/noticia\/wp-json\/wp\/v2\/comments?post=203006"}],"version-history":[{"count":0,"href":"https:\/\/migracao.redenoticia.com.br\/noticia\/wp-json\/wp\/v2\/posts\/203006\/revisions"}],"wp:featuredmedia":[{"embeddable":true,"href":"https:\/\/migracao.redenoticia.com.br\/noticia\/wp-json\/wp\/v2\/media\/195893"}],"wp:attachment":[{"href":"https:\/\/migracao.redenoticia.com.br\/noticia\/wp-json\/wp\/v2\/media?parent=203006"}],"wp:term":[{"taxonomy":"category","embeddable":true,"href":"https:\/\/migracao.redenoticia.com.br\/noticia\/wp-json\/wp\/v2\/categories?post=203006"},{"taxonomy":"post_tag","embeddable":true,"href":"https:\/\/migracao.redenoticia.com.br\/noticia\/wp-json\/wp\/v2\/tags?post=203006"}],"curies":[{"name":"wp","href":"https:\/\/api.w.org\/{rel}","templated":true}]}}