{"id":203020,"date":"2021-02-02T12:02:18","date_gmt":"2021-02-02T15:02:18","guid":{"rendered":"https:\/\/www.redenoticia.com.br\/noticia\/?p=203020"},"modified":"2021-02-02T12:02:18","modified_gmt":"2021-02-02T15:02:18","slug":"resumo-haja-coracao-03-02-camila-tem-amnesia-novamente","status":"publish","type":"post","link":"https:\/\/migracao.redenoticia.com.br\/noticia\/2021\/resumo-haja-coracao-03-02-camila-tem-amnesia-novamente\/203020","title":{"rendered":"Resumo \u201cHaja Cora\u00e7\u00e3o\u201d 03\/02: Camila tem amn\u00e9sia novamente"},"content":{"rendered":"<p><img loading=\"lazy\" decoding=\"async\" class=\"aligncenter size-full wp-image-198753\" src=\"https:\/\/migracao.redenoticia.com.br\/noticia\/imagens\/haja-coracao-resumo-capitulos-novela-elenco-sinopse.jpg\" alt=\"\" width=\"1280\" height=\"720\" srcset=\"https:\/\/migracao.redenoticia.com.br\/noticia\/imagens\/haja-coracao-resumo-capitulos-novela-elenco-sinopse.jpg 1280w, https:\/\/migracao.redenoticia.com.br\/noticia\/imagens\/haja-coracao-resumo-capitulos-novela-elenco-sinopse-250x140.jpg 250w, https:\/\/migracao.redenoticia.com.br\/noticia\/imagens\/haja-coracao-resumo-capitulos-novela-elenco-sinopse-400x225.jpg 400w, https:\/\/migracao.redenoticia.com.br\/noticia\/imagens\/haja-coracao-resumo-capitulos-novela-elenco-sinopse-768x432.jpg 768w, https:\/\/migracao.redenoticia.com.br\/noticia\/imagens\/haja-coracao-resumo-capitulos-novela-elenco-sinopse-150x85.jpg 150w\" sizes=\"auto, (max-width: 1280px) 100vw, 1280px\" \/><\/p>\n<p><em><strong>Resumo da novela &#8220;Haja Cora\u00e7\u00e3o&#8221;<\/strong><\/em> em 03\/02: no cap\u00edtulo 099(*) da novela, Shirlei n\u00e3o esconde sua tristeza ao dizer a Cris que nunca ningu\u00e9m a rejeitou como Vit\u00f3ria. Vit\u00f3ria avisa a Felipe que tem os seus motivos para n\u00e3o ter falado com Shirlei. Safira insinua que doar\u00e1 suas a\u00e7\u00f5es para quem for ao seu quarto durante a noite. Pen\u00e9lope comenta com Tamara que Beto ter\u00e1 que aceitar seu relacionamento com Henrique. Apolo confessa a Nair que jamais gostar\u00e1 de algu\u00e9m como Tancinha. Tamara conta a Pen\u00e9lope que est\u00e1 apaixonada. Felipe tem receio de que Shirlei desista dele por causa de Vit\u00f3ria. Lucr\u00e9cia e Agilson percebem que Camila perdeu novamente a mem\u00f3ria. Bruna descobre por En\u00e9as que Camila teve amn\u00e9sia novamente. Tito sofre ao ver Tancinha e Apolo brigando, foge e acaba sendo atropelado.<\/p>\n<p>(*) edi\u00e7\u00e3o das novelas da Globo, \u201cHaja Cora\u00e7\u00e3o\u201d, sujeito a altera\u00e7\u00e3o de data e conte\u00fado.<\/p>\n<p>Sinopse &#8220;Haja Cora\u00e7\u00e3o&#8221;: Tancinha (Mariana Ximenes) \u00e9 uma feirante simples e de bom cora\u00e7\u00e3o, mas atrapalhada e que fala gritando e errado, uma vez que foi criada junto com a av\u00f3 italiana que pouco falava portugu\u00eas. Ela vive um romance vai-e-volta com o mec\u00e2nico Apolo (Malvino Salvador), cheio de brigas e reconcilia\u00e7\u00f5es, uma vez que os dois t\u00eam personalidades fortes, mas fica balan\u00e7ada quando conhece Beto (Jo\u00e3o Baldasserini), um publicit\u00e1rio charmoso que lhe mostra um mundo de op\u00e7\u00f5es fora da feira.<\/p>\n<p>A mo\u00e7a \u00e9 a filha mais velha da Francesca (Marisa Orth), que criou-a sozinha com seus outros tr\u00eas filhos: Shirlei (Sabrina Petraglia) \u00e9 gentil e namora o lutador Ad\u00f4nis (Jos\u00e9 Loreto), embora acabe se encantando por Felipe (Marcos Pitombo) para desespero da namorada dele, J\u00e9ssica (Karen Junqueira), que faz tudo para afast\u00e1-los; a venenosa Carmela (Chandelly Braz) sempre plantou intrigas entre os irm\u00e3os por se sentir a menos amada e tenta de forma forma seduzir Ad\u00f4nis; j\u00e1 Giovanni (Jayme Matarazzo) batalha para ajudar a m\u00e3e e estuda para dar uma vida melhor para a fam\u00edlia.<\/p>\n","protected":false},"excerpt":{"rendered":"<p>Resumo da novela &#8220;Haja Cora\u00e7\u00e3o&#8221; em 03\/02: no cap\u00edtulo 099(*) da novela, Shirlei n\u00e3o esconde sua tristeza ao dizer a Cris que nunca ningu\u00e9m a rejeitou como Vit\u00f3ria. Vit\u00f3ria avisa a Felipe que tem os seus motivos para n\u00e3o ter falado com Shirlei. Safira insinua que doar\u00e1 suas a\u00e7\u00f5es para quem for ao seu quarto [&hellip;]<\/p>\n","protected":false},"author":4,"featured_media":198750,"comment_status":"closed","ping_status":"closed","sticky":false,"template":"","format":"standard","meta":{"tdm_status":"","tdm_grid_status":"","footnotes":""},"categories":[2083,379,375,2025,343],"tags":[441],"class_list":{"0":"post-203020","1":"post","2":"type-post","3":"status-publish","4":"format-standard","5":"has-post-thumbnail","7":"category-haja-coracao","8":"category-novelas","9":"category-rede-globo","10":"category-resumo","11":"category-televisao","12":"tag-resumo-do-dia"},"_links":{"self":[{"href":"https:\/\/migracao.redenoticia.com.br\/noticia\/wp-json\/wp\/v2\/posts\/203020","targetHints":{"allow":["GET"]}}],"collection":[{"href":"https:\/\/migracao.redenoticia.com.br\/noticia\/wp-json\/wp\/v2\/posts"}],"about":[{"href":"https:\/\/migracao.redenoticia.com.br\/noticia\/wp-json\/wp\/v2\/types\/post"}],"author":[{"embeddable":true,"href":"https:\/\/migracao.redenoticia.com.br\/noticia\/wp-json\/wp\/v2\/users\/4"}],"replies":[{"embeddable":true,"href":"https:\/\/migracao.redenoticia.com.br\/noticia\/wp-json\/wp\/v2\/comments?post=203020"}],"version-history":[{"count":0,"href":"https:\/\/migracao.redenoticia.com.br\/noticia\/wp-json\/wp\/v2\/posts\/203020\/revisions"}],"wp:featuredmedia":[{"embeddable":true,"href":"https:\/\/migracao.redenoticia.com.br\/noticia\/wp-json\/wp\/v2\/media\/198750"}],"wp:attachment":[{"href":"https:\/\/migracao.redenoticia.com.br\/noticia\/wp-json\/wp\/v2\/media?parent=203020"}],"wp:term":[{"taxonomy":"category","embeddable":true,"href":"https:\/\/migracao.redenoticia.com.br\/noticia\/wp-json\/wp\/v2\/categories?post=203020"},{"taxonomy":"post_tag","embeddable":true,"href":"https:\/\/migracao.redenoticia.com.br\/noticia\/wp-json\/wp\/v2\/tags?post=203020"}],"curies":[{"name":"wp","href":"https:\/\/api.w.org\/{rel}","templated":true}]}}