{"id":203240,"date":"2021-02-09T12:18:18","date_gmt":"2021-02-09T15:18:18","guid":{"rendered":"https:\/\/www.redenoticia.com.br\/noticia\/?p=203240"},"modified":"2021-02-09T12:18:18","modified_gmt":"2021-02-09T15:18:18","slug":"resumo-amores-verdadeiros-10-02-anibal-chega-a-fazenda","status":"publish","type":"post","link":"https:\/\/migracao.redenoticia.com.br\/noticia\/2021\/resumo-amores-verdadeiros-10-02-anibal-chega-a-fazenda\/203240","title":{"rendered":"Resumo &#8220;Amores Verdadeiros&#8221; 10\/02: Anibal chega \u00e0 fazenda"},"content":{"rendered":"<p><img loading=\"lazy\" decoding=\"async\" src=\"https:\/\/migracao.redenoticia.com.br\/noticia\/imagens\/amores-verdadeiros-resumo-elenco.jpg\" alt=\"\" width=\"1280\" height=\"720\" class=\"aligncenter size-full wp-image-203224\" srcset=\"https:\/\/migracao.redenoticia.com.br\/noticia\/imagens\/amores-verdadeiros-resumo-elenco.jpg 1280w, https:\/\/migracao.redenoticia.com.br\/noticia\/imagens\/amores-verdadeiros-resumo-elenco-250x140.jpg 250w, https:\/\/migracao.redenoticia.com.br\/noticia\/imagens\/amores-verdadeiros-resumo-elenco-400x225.jpg 400w, https:\/\/migracao.redenoticia.com.br\/noticia\/imagens\/amores-verdadeiros-resumo-elenco-768x432.jpg 768w, https:\/\/migracao.redenoticia.com.br\/noticia\/imagens\/amores-verdadeiros-resumo-elenco-150x85.jpg 150w\" sizes=\"auto, (max-width: 1280px) 100vw, 1280px\" \/><\/p>\n<p><strong><em>Resumo da novela &#8220;Amores Verdadeiros&#8221;<\/em><\/strong> em 10\/02: no cap\u00edtulo 003(*) da novela, Nikki vai ao quarto da m\u00e3e, a ajuda a se deitar e expressa a sua alegria por tudo ter dado certo. Salviano fala com Kendra sobre um novo plano. Ele far\u00e1 um curr\u00edculo falso de Jos\u00e9 \u00c1ngelo Aguiar, o descrevendo como um experimentado guarda-costas. Vit\u00f3ria vai pensar que contratou um profissional quando, na verdade, Aguiar n\u00e3o tem estes atributos. Aguiar est\u00e1 na cama com Cristina, ela pede desculpas pelo rompante e diz que era s\u00f3 preocupa\u00e7\u00e3o com a fam\u00edlia. As desculpas s\u00e3o aceitas e eles se beijam.<\/p>\n<p>Vit\u00f3ria recebe o curr\u00edculo falso de Jos\u00e9 \u00c1ngelo e decide oferecer o emprego de guarda-costas para ele. Ao se preparar para ir ao banco discutir a sua d\u00edvida, Vit\u00f3ria, junto com Salviano, o encontra e lhe oferece uma grande quantia por ter lhe salvado a vida. Jos\u00e9 \u00c1ngelo, orgulhoso, recusa o dinheiro. Ela ent\u00e3o lhe oferece o emprego. Jos\u00e9 \u00c2ngelo quer saber quem \u00e9 a pessoa que acompanha Vit\u00f3ria. Ela lhe apresenta Salviano e diz que ele \u00e9 um excelente dan\u00e7arino.<\/p>\n<p>Jos\u00e9 Angelo recusa o trabalho de guarda-costas, pois gostaria de ser capataz. Vit\u00f3ria insiste e pede para ele reconsiderar, entrega-lhe o seu cart\u00e3o e diz aguardar o seu telefonema. Cristina, que escuta tudo, tamb\u00e9m recebe um cart\u00e3o com um pedido para ajudar a convencer o marido. Jos\u00e9 \u00c2ngelo chega ao banco e entrega para a gerente a carta de quita\u00e7\u00e3o do empr\u00e9stimo que ele pegou. A gerente faz uma consulta e diz a ele que a carta \u00e9 falsa. Vit\u00f3ria vai ao aeroporto receber o seu pai. L\u00e1 recebe uma liga\u00e7\u00e3o da professora de piano da filha, que diz ter sido demitida. Vit\u00f3ria pede desculpas e a convida para almo\u00e7ar. O pai de Vit\u00f3ria, An\u00edbal, chega e eles v\u00e3o para a fazenda.<\/p>\n<p>(*) edi\u00e7\u00e3o das novelas do SBT, &#8220;Amores Verdadeiros&#8221;, sujeito a altera\u00e7\u00e3o de data e conte\u00fado.<\/p>\n<p>Sinopse &#8220;Amores Verdadeiros&#8221;: Vit\u00f3ria Balvanera \u00e9 diretora de cria\u00e7\u00e3o da Meta Imagem Internacional, a mais importante ag\u00eancia de publicidade do pa\u00eds. O seu sucesso a tornou alvo de criminosos e \u00e9 durante um destes ataques que conhece Jos\u00e9 \u00c1ngelo, um simples campon\u00eas. Quando Jos\u00e9 \u00c2ngelo vai \u00e0 fazenda para pedir um emprego como capataz, um grupo de criminosos invade a propriedade para sequestrar Vit\u00f3ria. Gra\u00e7as ao seu treinamento de Aikido, ele evita o sequestro e salva Vit\u00f3ria, assim um encontro \u00fanico e emocionante surge entre eles. <\/p>\n","protected":false},"excerpt":{"rendered":"<p>Resumo da novela &#8220;Amores Verdadeiros&#8221; em 10\/02: no cap\u00edtulo 003(*) da novela, Nikki vai ao quarto da m\u00e3e, a ajuda a se deitar e expressa a sua alegria por tudo ter dado certo. Salviano fala com Kendra sobre um novo plano. Ele far\u00e1 um curr\u00edculo falso de Jos\u00e9 \u00c1ngelo Aguiar, o descrevendo como um experimentado [&hellip;]<\/p>\n","protected":false},"author":4,"featured_media":203226,"comment_status":"closed","ping_status":"closed","sticky":false,"template":"","format":"standard","meta":{"tdm_status":"","tdm_grid_status":"","footnotes":""},"categories":[2189,379,2025,372,343],"tags":[441],"class_list":{"0":"post-203240","1":"post","2":"type-post","3":"status-publish","4":"format-standard","5":"has-post-thumbnail","7":"category-amores-verdadeiros","8":"category-novelas","9":"category-resumo","10":"category-sbt","11":"category-televisao","12":"tag-resumo-do-dia"},"_links":{"self":[{"href":"https:\/\/migracao.redenoticia.com.br\/noticia\/wp-json\/wp\/v2\/posts\/203240","targetHints":{"allow":["GET"]}}],"collection":[{"href":"https:\/\/migracao.redenoticia.com.br\/noticia\/wp-json\/wp\/v2\/posts"}],"about":[{"href":"https:\/\/migracao.redenoticia.com.br\/noticia\/wp-json\/wp\/v2\/types\/post"}],"author":[{"embeddable":true,"href":"https:\/\/migracao.redenoticia.com.br\/noticia\/wp-json\/wp\/v2\/users\/4"}],"replies":[{"embeddable":true,"href":"https:\/\/migracao.redenoticia.com.br\/noticia\/wp-json\/wp\/v2\/comments?post=203240"}],"version-history":[{"count":0,"href":"https:\/\/migracao.redenoticia.com.br\/noticia\/wp-json\/wp\/v2\/posts\/203240\/revisions"}],"wp:featuredmedia":[{"embeddable":true,"href":"https:\/\/migracao.redenoticia.com.br\/noticia\/wp-json\/wp\/v2\/media\/203226"}],"wp:attachment":[{"href":"https:\/\/migracao.redenoticia.com.br\/noticia\/wp-json\/wp\/v2\/media?parent=203240"}],"wp:term":[{"taxonomy":"category","embeddable":true,"href":"https:\/\/migracao.redenoticia.com.br\/noticia\/wp-json\/wp\/v2\/categories?post=203240"},{"taxonomy":"post_tag","embeddable":true,"href":"https:\/\/migracao.redenoticia.com.br\/noticia\/wp-json\/wp\/v2\/tags?post=203240"}],"curies":[{"name":"wp","href":"https:\/\/api.w.org\/{rel}","templated":true}]}}