{"id":203309,"date":"2021-02-11T12:09:36","date_gmt":"2021-02-11T15:09:36","guid":{"rendered":"https:\/\/www.redenoticia.com.br\/noticia\/?p=203309"},"modified":"2021-02-11T12:09:36","modified_gmt":"2021-02-11T15:09:36","slug":"resumo-quando-me-apaixono-12-02-marina-cuida-de-jeronimo","status":"publish","type":"post","link":"https:\/\/migracao.redenoticia.com.br\/noticia\/2021\/resumo-quando-me-apaixono-12-02-marina-cuida-de-jeronimo\/203309","title":{"rendered":"Resumo \u201cQuando me Apaixono\u201d 12\/02: Marina cuida de Jer\u00f4nimo"},"content":{"rendered":"<p><img loading=\"lazy\" decoding=\"async\" class=\"aligncenter size-full wp-image-195889\" src=\"https:\/\/migracao.redenoticia.com.br\/noticia\/imagens\/quando-me-apaixono-elenco.jpg\" alt=\"\" width=\"1280\" height=\"720\" srcset=\"https:\/\/migracao.redenoticia.com.br\/noticia\/imagens\/quando-me-apaixono-elenco.jpg 1280w, https:\/\/migracao.redenoticia.com.br\/noticia\/imagens\/quando-me-apaixono-elenco-250x140.jpg 250w, https:\/\/migracao.redenoticia.com.br\/noticia\/imagens\/quando-me-apaixono-elenco-400x225.jpg 400w, https:\/\/migracao.redenoticia.com.br\/noticia\/imagens\/quando-me-apaixono-elenco-768x432.jpg 768w, https:\/\/migracao.redenoticia.com.br\/noticia\/imagens\/quando-me-apaixono-elenco-150x85.jpg 150w, https:\/\/migracao.redenoticia.com.br\/noticia\/imagens\/quando-me-apaixono-elenco-696x392.jpg 696w, https:\/\/migracao.redenoticia.com.br\/noticia\/imagens\/quando-me-apaixono-elenco-1068x601.jpg 1068w\" sizes=\"auto, (max-width: 1280px) 100vw, 1280px\" \/><\/p>\n<p><strong><em>Resumo da novela \u201cQuando me Apaixono\u201d<\/em><\/strong> em 12\/02: no cap\u00edtulo 151(*) da novela, Ant\u00f4nio e Marina chegam a A Bonita. Marina se oferece para medir a press\u00e3o arterial de Jer\u00f4nimo e avaliar se ele est\u00e1 com febre, talvez precisando de um antibi\u00f3tico. Regina fica feliz com o atendimento m\u00e9dico. Todos eles saem do quarto de Jer\u00f4nimo para que Marina possa examin\u00e1-lo.<\/p>\n<p>Augusto teve tempo para trazer um bom vinho a bordo. Ent\u00e3o pensa como \u00e9 inteligente e como Renata vai ceder \u00e0s suas exig\u00eancias. Augusto entra na pequena cabine de Renata com uma bandeja de comida, que Renata joga no ch\u00e3o. Augusto informa que ela ter\u00e1 que superar seu aborrecimento. Roberta liga para Fina para reclamar da injusta acusa\u00e7\u00e3o de seu pai. Fina acha \u00f3timo que Augusto tenha tirado Renata de suas m\u00e3os, para que ela n\u00e3o tivesse que acabar com Renata sozinha. Carlos e Matias encontram o capataz de Augusto.<\/p>\n<p>L\u00e1zaro chega na sala e \u00e9 informado sobre a chegada de Marina e o exame no quarto de Jer\u00f4nimo. An\u00edbal jura a todos os presentes que est\u00e1 totalmente com eles e quer ajudar a levar Augusto \u00e0 justi\u00e7a, de qualquer maneira que possa ajud\u00e1-los.<\/p>\n<p>Marina diz a Jer\u00f4nimo que se sente respons\u00e1vel pela surra dele e pelo desaparecimento de Renata, ao saber que Augusto a usou por meio de Saul. Ela conta a Jer\u00f4nimo que ela e Renata fizeram amizade quando trabalharam juntas para resgat\u00e1-lo. E ela quer garantir a ele que agora ela sabe qual \u00e9 o seu papel e o de seus filhos. Ela diz a ele que nunca mais usar\u00e1 seus filhos contra ele, mas quer que eles o conhe\u00e7am e o respeitem. Ele a chama de uma boa mulher.<\/p>\n<p>Renata encontra a porta da cabine destrancada, ent\u00e3o come\u00e7a a explorar o conv\u00e9s abaixo e depois sobe. Ela vasculha o barco enquanto o assustador Augusto pergunta se ela se cansou de estar em sua cabine. Ele aponta que n\u00e3o h\u00e1 como escapar, ent\u00e3o ela pode muito bem voltar para sua cama durante a noite. Ele garante a ela que n\u00e3o h\u00e1 outra op\u00e7\u00e3o al\u00e9m dele. Ela passa por ele com um gesto de repulsa. Ele sorri.<\/p>\n<p>(*) edi\u00e7\u00e3o das novelas do SBT, \u201cQuando me Apaixono \u201d, sujeito a altera\u00e7\u00e3o de data e conte\u00fado.<\/p>\n<p>Sinopse \u201cQuando me Apaixono\u201d: A hist\u00f3ria come\u00e7a com o nascimento de duas meninas, Regina e Roberta; ambas s\u00e3o filhas de Roberto Gamba (Sebasti\u00e1n Rulli), mas de m\u00e3es diferentes. Enquanto Regina \u00e9 filha de Regina Sober\u00f3n Gamba (Lidia \u00c1vila\/Julieta Rosen), a esposa leg\u00edtima de Roberto, Roberta \u00e9 filha de Josefina &#8220;Pepa&#8221; \u00c1lvarez Mart\u00ednez (Margarita Maga\u00f1a\/Roc\u00edo Banquells), a amante de Roberto.<\/p>\n<p>Quando Roberto diz a Pepa que n\u00e3o vai deixar sua esposa e sua filha Regina, aquela, cheia de raiva depois de causar a morte de Roberto, decide raptar a filha de Regina para se vingar dela e faz\u00ea-la sofrer. Pepa muda o nome de Regina para Renata e foge com as duas meninas, deixando Regina despeda\u00e7ada pela perda de sua filha.<\/p>\n","protected":false},"excerpt":{"rendered":"<p>Resumo da novela \u201cQuando me Apaixono\u201d em 12\/02: no cap\u00edtulo 151(*) da novela, Ant\u00f4nio e Marina chegam a A Bonita. Marina se oferece para medir a press\u00e3o arterial de Jer\u00f4nimo e avaliar se ele est\u00e1 com febre, talvez precisando de um antibi\u00f3tico. Regina fica feliz com o atendimento m\u00e9dico. Todos eles saem do quarto de [&hellip;]<\/p>\n","protected":false},"author":4,"featured_media":195893,"comment_status":"closed","ping_status":"closed","sticky":false,"template":"","format":"standard","meta":{"tdm_status":"","tdm_grid_status":"","footnotes":""},"categories":[379,2028,2025,372,343],"tags":[441],"class_list":{"0":"post-203309","1":"post","2":"type-post","3":"status-publish","4":"format-standard","5":"has-post-thumbnail","7":"category-novelas","8":"category-quando-me-apaixono","9":"category-resumo","10":"category-sbt","11":"category-televisao","12":"tag-resumo-do-dia"},"_links":{"self":[{"href":"https:\/\/migracao.redenoticia.com.br\/noticia\/wp-json\/wp\/v2\/posts\/203309","targetHints":{"allow":["GET"]}}],"collection":[{"href":"https:\/\/migracao.redenoticia.com.br\/noticia\/wp-json\/wp\/v2\/posts"}],"about":[{"href":"https:\/\/migracao.redenoticia.com.br\/noticia\/wp-json\/wp\/v2\/types\/post"}],"author":[{"embeddable":true,"href":"https:\/\/migracao.redenoticia.com.br\/noticia\/wp-json\/wp\/v2\/users\/4"}],"replies":[{"embeddable":true,"href":"https:\/\/migracao.redenoticia.com.br\/noticia\/wp-json\/wp\/v2\/comments?post=203309"}],"version-history":[{"count":0,"href":"https:\/\/migracao.redenoticia.com.br\/noticia\/wp-json\/wp\/v2\/posts\/203309\/revisions"}],"wp:featuredmedia":[{"embeddable":true,"href":"https:\/\/migracao.redenoticia.com.br\/noticia\/wp-json\/wp\/v2\/media\/195893"}],"wp:attachment":[{"href":"https:\/\/migracao.redenoticia.com.br\/noticia\/wp-json\/wp\/v2\/media?parent=203309"}],"wp:term":[{"taxonomy":"category","embeddable":true,"href":"https:\/\/migracao.redenoticia.com.br\/noticia\/wp-json\/wp\/v2\/categories?post=203309"},{"taxonomy":"post_tag","embeddable":true,"href":"https:\/\/migracao.redenoticia.com.br\/noticia\/wp-json\/wp\/v2\/tags?post=203309"}],"curies":[{"name":"wp","href":"https:\/\/api.w.org\/{rel}","templated":true}]}}