{"id":203349,"date":"2021-02-12T11:54:47","date_gmt":"2021-02-12T14:54:47","guid":{"rendered":"https:\/\/www.redenoticia.com.br\/noticia\/?p=203349"},"modified":"2021-02-12T11:54:47","modified_gmt":"2021-02-12T14:54:47","slug":"resumo-chiquititas-13-02-junior-convida-neco-para-morar-no-orfanato-raio-de-luz","status":"publish","type":"post","link":"https:\/\/migracao.redenoticia.com.br\/noticia\/2021\/resumo-chiquititas-13-02-junior-convida-neco-para-morar-no-orfanato-raio-de-luz\/203349","title":{"rendered":"Resumo \u201cChiquititas\u201d 13\/02: Junior convida Neco para morar no Orfanato Raio de Luz"},"content":{"rendered":"<p><img loading=\"lazy\" decoding=\"async\" class=\"aligncenter size-full wp-image-195897\" src=\"https:\/\/migracao.redenoticia.com.br\/noticia\/imagens\/chiquititas-resumo-sinopse.jpg\" alt=\"\" width=\"1280\" height=\"720\" srcset=\"https:\/\/migracao.redenoticia.com.br\/noticia\/imagens\/chiquititas-resumo-sinopse.jpg 1280w, https:\/\/migracao.redenoticia.com.br\/noticia\/imagens\/chiquititas-resumo-sinopse-250x140.jpg 250w, https:\/\/migracao.redenoticia.com.br\/noticia\/imagens\/chiquititas-resumo-sinopse-400x225.jpg 400w, https:\/\/migracao.redenoticia.com.br\/noticia\/imagens\/chiquititas-resumo-sinopse-768x432.jpg 768w, https:\/\/migracao.redenoticia.com.br\/noticia\/imagens\/chiquititas-resumo-sinopse-150x85.jpg 150w, https:\/\/migracao.redenoticia.com.br\/noticia\/imagens\/chiquititas-resumo-sinopse-696x392.jpg 696w, https:\/\/migracao.redenoticia.com.br\/noticia\/imagens\/chiquititas-resumo-sinopse-1068x601.jpg 1068w\" sizes=\"auto, (max-width: 1280px) 100vw, 1280px\" \/><\/p>\n<p><strong><em>Resumo da novela \u201cChiquititas\u201d<\/em><\/strong> em 13\/02: no cap\u00edtulo 160(*) da novela, ap\u00f3s uma discuss\u00e3o em casa, Maria Cec\u00edlia decide sair do apartamento para ter um pouco de sossego. Gabriela viaja para Fran\u00e7a. Carmen comemora. Miguel visita a m\u00e3e dele, Valentina, no hospital. A mulher foi atropelada. Junior carrega Neco, que foi picado por uma cobra Cascavel, pela mata. Junior chega a uma estrada, onde consegue carona para sa\u00edrem do local. Miguel pede perd\u00e3o para a m\u00e3e, Valentina, que est\u00e1 em coma. Fernando leva Carol para jogar bilhar. Maria est\u00e1 ansiosa para come\u00e7ar a estudar. A Boneca Laura, que cria vida apenas para Maria, diz que quer acompanh\u00e1-la na escola. Carol ganha a partida de bilhar. Fernando aproveita a situa\u00e7\u00e3o e beija Carol, que retribui. Neco se recupera num posto m\u00e9dico local, na Amaz\u00f4nia. Chega o primeiro dia de aula. Ernestina n\u00e3o deixa Maria levar a Boneca Laura.<\/p>\n<p>Maria decide esconder a boneca em sua mochila. Cris coloca roupas estranhas e tiara com orelhas de pel\u00facia para chamar a aten\u00e7\u00e3o e fingir ser popular. Dani fica com vergonha, pois ainda est\u00e1 na cadeira de rodas e teme ser v\u00edtima de brincadeiras. Mili e as demais Chiquititas mais velhas reclamam ao notar que Janu caiu na sala \u2013 s\u00e9tima s\u00e9rie &#8211; delas ap\u00f3s repetir de ano. Mili alerta que ela \u00e9 a garota mais encrenqueira da escola. Junto com Janu est\u00e1 Bel (Bruna Carvalho), que \u00e9 nova na escola. Trata-se da estreia das duas personagens na trama, Janu e Bel. Armando faz todos os funcion\u00e1rios do Caf\u00e9 Boutique usarem chap\u00e9us em forma de doces.<\/p>\n<p>Armado explica aos clientes que toda a vez que o sino tocar haver\u00e1 um pequeno show no palco do Caf\u00e9. Todos os funcion\u00e1rios, apresentados como &#8220;The Cupcakes&#8221;, cantam e dan\u00e7am a m\u00fasica &#8220;Quero Te Encontrar&#8221;. Na escola, Janu chama as Chiquititas de crian\u00e7as da &#8220;Terra do Nunca&#8221;, pelo fato de serem \u00f3rf\u00e3s. A professora apresenta os novos alunos. Maria Cec\u00edlia chega e chama a aten\u00e7\u00e3o de Armando por ter feito tudo isso no Caf\u00e9 Boutique sem autoriza\u00e7\u00e3o da diretoria. Armando responde que na aus\u00eancia de Junior e Jos\u00e9 Armando ele \u00e9 o chefe. Na sala infantil, outra professora explica que existe uma regra na escola que ningu\u00e9m pode levar brinquedos. Junior convida Neco para acompanh\u00e1-lo at\u00e9 S\u00e3o Paulo e morar no Orfanato Raio de Luz, onde poder\u00e1 brincar, estudar e ser feliz.<\/p>\n<p>(*) edi\u00e7\u00e3o das novelas do SBT, \u201cChiquititas\u201d, sujeito a altera\u00e7\u00e3o de data e conte\u00fado.<\/p>\n","protected":false},"excerpt":{"rendered":"<p>Resumo da novela \u201cChiquititas\u201d em 13\/02: no cap\u00edtulo 160(*) da novela, ap\u00f3s uma discuss\u00e3o em casa, Maria Cec\u00edlia decide sair do apartamento para ter um pouco de sossego. Gabriela viaja para Fran\u00e7a. Carmen comemora. Miguel visita a m\u00e3e dele, Valentina, no hospital. A mulher foi atropelada. Junior carrega Neco, que foi picado por uma cobra [&hellip;]<\/p>\n","protected":false},"author":4,"featured_media":195894,"comment_status":"closed","ping_status":"closed","sticky":false,"template":"","format":"standard","meta":{"tdm_status":"","tdm_grid_status":"","footnotes":""},"categories":[409,379,2025,372,343],"tags":[441],"class_list":{"0":"post-203349","1":"post","2":"type-post","3":"status-publish","4":"format-standard","5":"has-post-thumbnail","7":"category-chiquititas","8":"category-novelas","9":"category-resumo","10":"category-sbt","11":"category-televisao","12":"tag-resumo-do-dia"},"_links":{"self":[{"href":"https:\/\/migracao.redenoticia.com.br\/noticia\/wp-json\/wp\/v2\/posts\/203349","targetHints":{"allow":["GET"]}}],"collection":[{"href":"https:\/\/migracao.redenoticia.com.br\/noticia\/wp-json\/wp\/v2\/posts"}],"about":[{"href":"https:\/\/migracao.redenoticia.com.br\/noticia\/wp-json\/wp\/v2\/types\/post"}],"author":[{"embeddable":true,"href":"https:\/\/migracao.redenoticia.com.br\/noticia\/wp-json\/wp\/v2\/users\/4"}],"replies":[{"embeddable":true,"href":"https:\/\/migracao.redenoticia.com.br\/noticia\/wp-json\/wp\/v2\/comments?post=203349"}],"version-history":[{"count":0,"href":"https:\/\/migracao.redenoticia.com.br\/noticia\/wp-json\/wp\/v2\/posts\/203349\/revisions"}],"wp:featuredmedia":[{"embeddable":true,"href":"https:\/\/migracao.redenoticia.com.br\/noticia\/wp-json\/wp\/v2\/media\/195894"}],"wp:attachment":[{"href":"https:\/\/migracao.redenoticia.com.br\/noticia\/wp-json\/wp\/v2\/media?parent=203349"}],"wp:term":[{"taxonomy":"category","embeddable":true,"href":"https:\/\/migracao.redenoticia.com.br\/noticia\/wp-json\/wp\/v2\/categories?post=203349"},{"taxonomy":"post_tag","embeddable":true,"href":"https:\/\/migracao.redenoticia.com.br\/noticia\/wp-json\/wp\/v2\/tags?post=203349"}],"curies":[{"name":"wp","href":"https:\/\/api.w.org\/{rel}","templated":true}]}}