{"id":203351,"date":"2021-02-12T11:55:54","date_gmt":"2021-02-12T14:55:54","guid":{"rendered":"https:\/\/www.redenoticia.com.br\/noticia\/?p=203351"},"modified":"2021-02-12T11:55:54","modified_gmt":"2021-02-12T14:55:54","slug":"resumo-flor-do-caribe-13-02-dionisio-descobre-sobre-a-turmalina-da-paraiba","status":"publish","type":"post","link":"https:\/\/migracao.redenoticia.com.br\/noticia\/2021\/resumo-flor-do-caribe-13-02-dionisio-descobre-sobre-a-turmalina-da-paraiba\/203351","title":{"rendered":"Resumo \u201cFlor do Caribe\u201d 13\/02: Dion\u00edsio descobre sobre a turmalina da Para\u00edba"},"content":{"rendered":"<p><img loading=\"lazy\" decoding=\"async\" class=\"aligncenter size-full wp-image-197364\" src=\"https:\/\/migracao.redenoticia.com.br\/noticia\/imagens\/flor-do-caribe-resumo-novela.jpg\" alt=\"\" width=\"1280\" height=\"720\" srcset=\"https:\/\/migracao.redenoticia.com.br\/noticia\/imagens\/flor-do-caribe-resumo-novela.jpg 1280w, https:\/\/migracao.redenoticia.com.br\/noticia\/imagens\/flor-do-caribe-resumo-novela-250x140.jpg 250w, https:\/\/migracao.redenoticia.com.br\/noticia\/imagens\/flor-do-caribe-resumo-novela-400x225.jpg 400w, https:\/\/migracao.redenoticia.com.br\/noticia\/imagens\/flor-do-caribe-resumo-novela-768x432.jpg 768w, https:\/\/migracao.redenoticia.com.br\/noticia\/imagens\/flor-do-caribe-resumo-novela-150x85.jpg 150w\" sizes=\"auto, (max-width: 1280px) 100vw, 1280px\" \/><\/p>\n<p><em><strong>Resumo da novela \u201cFlor do Caribe\u201d<\/strong><\/em> em 13\/02: no cap\u00edtulo 144(*) da novela, Cassiano avisa a Alberto que ele n\u00e3o pode aparecer em sua casa sem avisar. Dion\u00edsio fica furioso ao saber por Yvete que a mina que vendeu para o Duque tem turmalina da Para\u00edba. Dion\u00edsio diz a Alberto que ele n\u00e3o tem condi\u00e7\u00f5es de ficar \u00e0 frente dos neg\u00f3cios.<\/p>\n<p>Castro mente para H\u00e9lio, seguindo orienta\u00e7\u00e3o de Alberto, e diz que Dion\u00edsio n\u00e3o quer depositar o dinheiro antes que ele saia da pris\u00e3o. H\u00e9lio confessa ao delegado que Dion\u00edsio \u00e9 o mandante do sequestro e da tentativa de assassinato a Samuel. Guiomar fica assustada ao ver que Alberto est\u00e1 fora de si e tenta ajudar o filho, que a expulsa de seu quarto.<\/p>\n<p>(*) edi\u00e7\u00e3o das novelas da Globo, \u201cFlor do Caribe\u201d, sujeito a altera\u00e7\u00e3o de data e conte\u00fado.<\/p>\n<p>Sinopse \u201cFlor do Caribe\u201d: A hist\u00f3ria se passa na fict\u00edcia Vila dos Ventos. Na novela, amigos de inf\u00e2ncia se tornam rivais por um grande amor. Cassiano (Henri Castelli), Ester (Grazi Massafera) e Alberto (Igor Rickli) s\u00e3o amigos de inf\u00e2ncia em Flor do Caribe. As temporadas de f\u00e9rias em Vila dos Ventos aproximaram os tr\u00eas, mas suas vidas seguiram caminhos distintos. Alberto se afasta por alguns anos para receber a forma\u00e7\u00e3o que lhe cabe como herdeiro do imp\u00e9rio constru\u00eddo pela fam\u00edlia Albuquerque, enquanto Ester e Cassiano vivem o amor que sentem um pelo outro e lutam para alcan\u00e7ar seus objetivos.<\/p>\n","protected":false},"excerpt":{"rendered":"<p>Resumo da novela \u201cFlor do Caribe\u201d em 13\/02: no cap\u00edtulo 144(*) da novela, Cassiano avisa a Alberto que ele n\u00e3o pode aparecer em sua casa sem avisar. Dion\u00edsio fica furioso ao saber por Yvete que a mina que vendeu para o Duque tem turmalina da Para\u00edba. Dion\u00edsio diz a Alberto que ele n\u00e3o tem condi\u00e7\u00f5es [&hellip;]<\/p>\n","protected":false},"author":4,"featured_media":197363,"comment_status":"closed","ping_status":"closed","sticky":false,"template":"","format":"standard","meta":{"tdm_status":"","tdm_grid_status":"","footnotes":""},"categories":[2056,379,375,2025,343],"tags":[441],"class_list":{"0":"post-203351","1":"post","2":"type-post","3":"status-publish","4":"format-standard","5":"has-post-thumbnail","7":"category-flor-de-caribe","8":"category-novelas","9":"category-rede-globo","10":"category-resumo","11":"category-televisao","12":"tag-resumo-do-dia"},"_links":{"self":[{"href":"https:\/\/migracao.redenoticia.com.br\/noticia\/wp-json\/wp\/v2\/posts\/203351","targetHints":{"allow":["GET"]}}],"collection":[{"href":"https:\/\/migracao.redenoticia.com.br\/noticia\/wp-json\/wp\/v2\/posts"}],"about":[{"href":"https:\/\/migracao.redenoticia.com.br\/noticia\/wp-json\/wp\/v2\/types\/post"}],"author":[{"embeddable":true,"href":"https:\/\/migracao.redenoticia.com.br\/noticia\/wp-json\/wp\/v2\/users\/4"}],"replies":[{"embeddable":true,"href":"https:\/\/migracao.redenoticia.com.br\/noticia\/wp-json\/wp\/v2\/comments?post=203351"}],"version-history":[{"count":0,"href":"https:\/\/migracao.redenoticia.com.br\/noticia\/wp-json\/wp\/v2\/posts\/203351\/revisions"}],"wp:featuredmedia":[{"embeddable":true,"href":"https:\/\/migracao.redenoticia.com.br\/noticia\/wp-json\/wp\/v2\/media\/197363"}],"wp:attachment":[{"href":"https:\/\/migracao.redenoticia.com.br\/noticia\/wp-json\/wp\/v2\/media?parent=203351"}],"wp:term":[{"taxonomy":"category","embeddable":true,"href":"https:\/\/migracao.redenoticia.com.br\/noticia\/wp-json\/wp\/v2\/categories?post=203351"},{"taxonomy":"post_tag","embeddable":true,"href":"https:\/\/migracao.redenoticia.com.br\/noticia\/wp-json\/wp\/v2\/tags?post=203351"}],"curies":[{"name":"wp","href":"https:\/\/api.w.org\/{rel}","templated":true}]}}