{"id":203353,"date":"2021-02-12T11:57:42","date_gmt":"2021-02-12T14:57:42","guid":{"rendered":"https:\/\/www.redenoticia.com.br\/noticia\/?p=203353"},"modified":"2021-02-12T11:57:42","modified_gmt":"2021-02-12T14:57:42","slug":"resumo-haja-coracao-13-02-carol-e-irmaos-sao-levados-para-um-abrigo","status":"publish","type":"post","link":"https:\/\/migracao.redenoticia.com.br\/noticia\/2021\/resumo-haja-coracao-13-02-carol-e-irmaos-sao-levados-para-um-abrigo\/203353","title":{"rendered":"Resumo \u201cHaja Cora\u00e7\u00e3o\u201d 13\/02: Carol e irm\u00e3os s\u00e3o levados para um abrigo"},"content":{"rendered":"<p><img loading=\"lazy\" decoding=\"async\" class=\"aligncenter size-full wp-image-198753\" src=\"https:\/\/migracao.redenoticia.com.br\/noticia\/imagens\/haja-coracao-resumo-capitulos-novela-elenco-sinopse.jpg\" alt=\"\" width=\"1280\" height=\"720\" srcset=\"https:\/\/migracao.redenoticia.com.br\/noticia\/imagens\/haja-coracao-resumo-capitulos-novela-elenco-sinopse.jpg 1280w, https:\/\/migracao.redenoticia.com.br\/noticia\/imagens\/haja-coracao-resumo-capitulos-novela-elenco-sinopse-250x140.jpg 250w, https:\/\/migracao.redenoticia.com.br\/noticia\/imagens\/haja-coracao-resumo-capitulos-novela-elenco-sinopse-400x225.jpg 400w, https:\/\/migracao.redenoticia.com.br\/noticia\/imagens\/haja-coracao-resumo-capitulos-novela-elenco-sinopse-768x432.jpg 768w, https:\/\/migracao.redenoticia.com.br\/noticia\/imagens\/haja-coracao-resumo-capitulos-novela-elenco-sinopse-150x85.jpg 150w\" sizes=\"auto, (max-width: 1280px) 100vw, 1280px\" \/><\/p>\n<p><em><strong>Resumo da novela &#8220;Haja Cora\u00e7\u00e3o&#8221;<\/strong><\/em> em 13\/02: no cap\u00edtulo 108(*) da novela, Tancinha decide reatar com Beto. Marcia avisa a Carol que as assistentes sociais constataram que ela e os irm\u00e3os vivem em situa\u00e7\u00e3o de abandono. Apolo pede a um advogado que o ajude a adotar Carol e os irm\u00e3os. Giovanni afirma que n\u00e3o desistir\u00e1 de Camila. Carol \u00e9 comunicada por Marcia que, at\u00e9 Afonso voltar, ela e os irm\u00e3os ter\u00e3o que ficar em um abrigo. Apar\u00edcio comove Rebeca ao pedi-la em casamento. Murilo avisa a Apolo que Carol e os irm\u00e3os ser\u00e3o levados para um abrigo.<\/p>\n<p>Shirlei conversa com Francesca sobre sua primeira noite com Felipe. J\u00e9ssica garante a Carmela que ela ser\u00e1 contratada como modelo quando conseguirem colocar Shirlei na cadeia. Leozinho e Fedora se desesperam com a possibilidade de perder a presid\u00eancia do Grand Bazzar. Tamara vai com Apolo ao abrigo onde est\u00e3o Carol e seus irm\u00e3os, e se irrita com a chegada de Tancinha.<\/p>\n<p>(*) edi\u00e7\u00e3o das novelas da Globo, \u201cHaja Cora\u00e7\u00e3o\u201d, sujeito a altera\u00e7\u00e3o de data e conte\u00fado.<\/p>\n<p>Sinopse &#8220;Haja Cora\u00e7\u00e3o&#8221;: Tancinha (Mariana Ximenes) \u00e9 uma feirante simples e de bom cora\u00e7\u00e3o, mas atrapalhada e que fala gritando e errado, uma vez que foi criada junto com a av\u00f3 italiana que pouco falava portugu\u00eas. Ela vive um romance vai-e-volta com o mec\u00e2nico Apolo (Malvino Salvador), cheio de brigas e reconcilia\u00e7\u00f5es, uma vez que os dois t\u00eam personalidades fortes, mas fica balan\u00e7ada quando conhece Beto (Jo\u00e3o Baldasserini), um publicit\u00e1rio charmoso que lhe mostra um mundo de op\u00e7\u00f5es fora da feira.<\/p>\n<p>A mo\u00e7a \u00e9 a filha mais velha da Francesca (Marisa Orth), que criou-a sozinha com seus outros tr\u00eas filhos: Shirlei (Sabrina Petraglia) \u00e9 gentil e namora o lutador Ad\u00f4nis (Jos\u00e9 Loreto), embora acabe se encantando por Felipe (Marcos Pitombo) para desespero da namorada dele, J\u00e9ssica (Karen Junqueira), que faz tudo para afast\u00e1-los; a venenosa Carmela (Chandelly Braz) sempre plantou intrigas entre os irm\u00e3os por se sentir a menos amada e tenta de forma forma seduzir Ad\u00f4nis; j\u00e1 Giovanni (Jayme Matarazzo) batalha para ajudar a m\u00e3e e estuda para dar uma vida melhor para a fam\u00edlia<\/p>\n","protected":false},"excerpt":{"rendered":"<p>Resumo da novela &#8220;Haja Cora\u00e7\u00e3o&#8221; em 13\/02: no cap\u00edtulo 108(*) da novela, Tancinha decide reatar com Beto. Marcia avisa a Carol que as assistentes sociais constataram que ela e os irm\u00e3os vivem em situa\u00e7\u00e3o de abandono. Apolo pede a um advogado que o ajude a adotar Carol e os irm\u00e3os. Giovanni afirma que n\u00e3o desistir\u00e1 [&hellip;]<\/p>\n","protected":false},"author":4,"featured_media":198750,"comment_status":"closed","ping_status":"closed","sticky":false,"template":"","format":"standard","meta":{"tdm_status":"","tdm_grid_status":"","footnotes":""},"categories":[2083,379,375,2025,343],"tags":[441],"class_list":{"0":"post-203353","1":"post","2":"type-post","3":"status-publish","4":"format-standard","5":"has-post-thumbnail","7":"category-haja-coracao","8":"category-novelas","9":"category-rede-globo","10":"category-resumo","11":"category-televisao","12":"tag-resumo-do-dia"},"_links":{"self":[{"href":"https:\/\/migracao.redenoticia.com.br\/noticia\/wp-json\/wp\/v2\/posts\/203353","targetHints":{"allow":["GET"]}}],"collection":[{"href":"https:\/\/migracao.redenoticia.com.br\/noticia\/wp-json\/wp\/v2\/posts"}],"about":[{"href":"https:\/\/migracao.redenoticia.com.br\/noticia\/wp-json\/wp\/v2\/types\/post"}],"author":[{"embeddable":true,"href":"https:\/\/migracao.redenoticia.com.br\/noticia\/wp-json\/wp\/v2\/users\/4"}],"replies":[{"embeddable":true,"href":"https:\/\/migracao.redenoticia.com.br\/noticia\/wp-json\/wp\/v2\/comments?post=203353"}],"version-history":[{"count":0,"href":"https:\/\/migracao.redenoticia.com.br\/noticia\/wp-json\/wp\/v2\/posts\/203353\/revisions"}],"wp:featuredmedia":[{"embeddable":true,"href":"https:\/\/migracao.redenoticia.com.br\/noticia\/wp-json\/wp\/v2\/media\/198750"}],"wp:attachment":[{"href":"https:\/\/migracao.redenoticia.com.br\/noticia\/wp-json\/wp\/v2\/media?parent=203353"}],"wp:term":[{"taxonomy":"category","embeddable":true,"href":"https:\/\/migracao.redenoticia.com.br\/noticia\/wp-json\/wp\/v2\/categories?post=203353"},{"taxonomy":"post_tag","embeddable":true,"href":"https:\/\/migracao.redenoticia.com.br\/noticia\/wp-json\/wp\/v2\/tags?post=203353"}],"curies":[{"name":"wp","href":"https:\/\/api.w.org\/{rel}","templated":true}]}}