{"id":203392,"date":"2021-02-14T18:48:51","date_gmt":"2021-02-14T21:48:51","guid":{"rendered":"https:\/\/www.redenoticia.com.br\/noticia\/?p=203392"},"modified":"2021-02-14T18:48:51","modified_gmt":"2021-02-14T21:48:51","slug":"resumo-chiquititas-15-02-pata-e-janu-se-desentendem","status":"publish","type":"post","link":"https:\/\/migracao.redenoticia.com.br\/noticia\/2021\/resumo-chiquititas-15-02-pata-e-janu-se-desentendem\/203392","title":{"rendered":"Resumo \u201cChiquititas\u201d 15\/02: Pata e Janu se desentendem"},"content":{"rendered":"<p> <img loading=\"lazy\" decoding=\"async\" class=\"aligncenter size-full wp-image-195897\" src=\"https:\/\/migracao.redenoticia.com.br\/noticia\/imagens\/chiquititas-resumo-sinopse.jpg\" alt=\"\" width=\"1280\" height=\"720\" srcset=\"https:\/\/migracao.redenoticia.com.br\/noticia\/imagens\/chiquititas-resumo-sinopse.jpg 1280w, https:\/\/migracao.redenoticia.com.br\/noticia\/imagens\/chiquititas-resumo-sinopse-250x140.jpg 250w, https:\/\/migracao.redenoticia.com.br\/noticia\/imagens\/chiquititas-resumo-sinopse-400x225.jpg 400w, https:\/\/migracao.redenoticia.com.br\/noticia\/imagens\/chiquititas-resumo-sinopse-768x432.jpg 768w, https:\/\/migracao.redenoticia.com.br\/noticia\/imagens\/chiquititas-resumo-sinopse-150x85.jpg 150w, https:\/\/migracao.redenoticia.com.br\/noticia\/imagens\/chiquititas-resumo-sinopse-696x392.jpg 696w, https:\/\/migracao.redenoticia.com.br\/noticia\/imagens\/chiquititas-resumo-sinopse-1068x601.jpg 1068w\" sizes=\"auto, (max-width: 1280px) 100vw, 1280px\" \/><\/p>\n<p><strong><em>Resumo da novela \u201cChiquititas\u201d<\/em><\/strong> em 15\/02: no cap\u00edtulo 161(*) da novela, chegou a hora do recreio. Mosca, Rafa e Thiago s\u00e3o enfrentados por Janj\u00e3o, Tatu e Andr\u00e9. Tratam-se de tr\u00eas novos personagens na trama, que s\u00e3o encrenqueiros. Pata e Janu se desentendem. Janu alerta Pata que \u00e9 melhor ela ficar preocupada, pois se ela quiser, toda a escola ficar\u00e1 contra ela. Mais tarde, no orfanato, a boneca Laura fica com ci\u00fame da escola e dos estudos de Maria. Eduarda fica triste com a decis\u00e3o de Maria Cec\u00edlia morar sozinha no apartamento em que iria viver com Junior ap\u00f3s o casamento. Eduarda e sua m\u00e3e, Regina, discutem.<\/p>\n<p>A m\u00e3e dela decide ir embora. As chiquititas e chiquititos v\u00e3o jogar taco na rua. Bel, Janu, Tatu, Janj\u00e3o e Andr\u00e9 aparecem na rua, dizendo que moram no condom\u00ednio perto do local. Janu chama Pata de &#8220;Gansa&#8221; e os demais chamam Samuca de &#8220;nerd&#8221; e &#8220;rid\u00edculo&#8221;. Eles decidem jogar uns contra os outros o jogo taco. Tobias conversa com o pai de Maria Cec\u00edlia, Oscar, no Caf\u00e9 Boutique. O pai dela diz que acha que Maria Cec\u00edlia ainda gosta muito dele e que est\u00e1 num grande conflito. Tobias diz que ir\u00e1 conversar com ela. As chiquititas ganham a brincadeira e ficam no direito de usar a rua para brincarem s\u00f3 entre eles.<\/p>\n<p>(*) edi\u00e7\u00e3o das novelas do SBT, \u201cChiquititas\u201d, sujeito a altera\u00e7\u00e3o de data e conte\u00fado.<\/p>\n","protected":false},"excerpt":{"rendered":"<p>Resumo da novela \u201cChiquititas\u201d em 15\/02: no cap\u00edtulo 161(*) da novela, chegou a hora do recreio. Mosca, Rafa e Thiago s\u00e3o enfrentados por Janj\u00e3o, Tatu e Andr\u00e9. Tratam-se de tr\u00eas novos personagens na trama, que s\u00e3o encrenqueiros. Pata e Janu se desentendem. Janu alerta Pata que \u00e9 melhor ela ficar preocupada, pois se ela quiser, [&hellip;]<\/p>\n","protected":false},"author":2,"featured_media":195894,"comment_status":"closed","ping_status":"closed","sticky":false,"template":"","format":"standard","meta":{"tdm_status":"","tdm_grid_status":"","footnotes":""},"categories":[409,379,2025,372,343],"tags":[441],"class_list":{"0":"post-203392","1":"post","2":"type-post","3":"status-publish","4":"format-standard","5":"has-post-thumbnail","7":"category-chiquititas","8":"category-novelas","9":"category-resumo","10":"category-sbt","11":"category-televisao","12":"tag-resumo-do-dia"},"_links":{"self":[{"href":"https:\/\/migracao.redenoticia.com.br\/noticia\/wp-json\/wp\/v2\/posts\/203392","targetHints":{"allow":["GET"]}}],"collection":[{"href":"https:\/\/migracao.redenoticia.com.br\/noticia\/wp-json\/wp\/v2\/posts"}],"about":[{"href":"https:\/\/migracao.redenoticia.com.br\/noticia\/wp-json\/wp\/v2\/types\/post"}],"author":[{"embeddable":true,"href":"https:\/\/migracao.redenoticia.com.br\/noticia\/wp-json\/wp\/v2\/users\/2"}],"replies":[{"embeddable":true,"href":"https:\/\/migracao.redenoticia.com.br\/noticia\/wp-json\/wp\/v2\/comments?post=203392"}],"version-history":[{"count":0,"href":"https:\/\/migracao.redenoticia.com.br\/noticia\/wp-json\/wp\/v2\/posts\/203392\/revisions"}],"wp:featuredmedia":[{"embeddable":true,"href":"https:\/\/migracao.redenoticia.com.br\/noticia\/wp-json\/wp\/v2\/media\/195894"}],"wp:attachment":[{"href":"https:\/\/migracao.redenoticia.com.br\/noticia\/wp-json\/wp\/v2\/media?parent=203392"}],"wp:term":[{"taxonomy":"category","embeddable":true,"href":"https:\/\/migracao.redenoticia.com.br\/noticia\/wp-json\/wp\/v2\/categories?post=203392"},{"taxonomy":"post_tag","embeddable":true,"href":"https:\/\/migracao.redenoticia.com.br\/noticia\/wp-json\/wp\/v2\/tags?post=203392"}],"curies":[{"name":"wp","href":"https:\/\/api.w.org\/{rel}","templated":true}]}}