{"id":203398,"date":"2021-02-14T18:52:30","date_gmt":"2021-02-14T21:52:30","guid":{"rendered":"https:\/\/www.redenoticia.com.br\/noticia\/?p=203398"},"modified":"2021-02-14T18:52:30","modified_gmt":"2021-02-14T21:52:30","slug":"novela-malhacao-sonhos-15-02-gael-ve-bianca-e-duca-juntos","status":"publish","type":"post","link":"https:\/\/migracao.redenoticia.com.br\/noticia\/2021\/novela-malhacao-sonhos-15-02-gael-ve-bianca-e-duca-juntos\/203398","title":{"rendered":"Novela &#8220;Malha\u00e7\u00e3o&#8221; Sonhos 15\/02: Gael v\u00ea Bianca e Duca juntos"},"content":{"rendered":"<p> <img loading=\"lazy\" decoding=\"async\" class=\"aligncenter size-full wp-image-202688\" src=\"https:\/\/migracao.redenoticia.com.br\/noticia\/imagens\/malhacao-sonhos-elenco-protagonistas.jpg\" alt=\"\" width=\"1280\" height=\"720\" srcset=\"https:\/\/migracao.redenoticia.com.br\/noticia\/imagens\/malhacao-sonhos-elenco-protagonistas.jpg 1280w, https:\/\/migracao.redenoticia.com.br\/noticia\/imagens\/malhacao-sonhos-elenco-protagonistas-250x140.jpg 250w, https:\/\/migracao.redenoticia.com.br\/noticia\/imagens\/malhacao-sonhos-elenco-protagonistas-400x225.jpg 400w, https:\/\/migracao.redenoticia.com.br\/noticia\/imagens\/malhacao-sonhos-elenco-protagonistas-768x432.jpg 768w, https:\/\/migracao.redenoticia.com.br\/noticia\/imagens\/malhacao-sonhos-elenco-protagonistas-150x85.jpg 150w\" sizes=\"auto, (max-width: 1280px) 100vw, 1280px\" \/><\/p>\n<p><em><strong>Resumo da novela &#8220;Malha\u00e7\u00e3o&#8221; Sonhos<\/strong><\/em> em 15\/02: no cap\u00edtulo 016(*) da novela, Karina v\u00ea Bianca beijando Duca e se revolta contra os dois. BB repreende o comportamento de Jade com Duca. Dandara e Gael se aproximam ainda mais. Pedro tenta conversar com Karina, mas ela o ignora. Gael v\u00ea Duca e Bianca juntos. Bianca pede um tempo para Duca.<\/p>\n<p>Do palco, Pedro acena para Pri, e Karina pensa que \u00e9 para ela. Guta incentiva Mari a aproveitar a festa. Rico, Z\u00e9 e Marc\u00e3o decidem apagar as luzes da Ribalta para conseguirem beijar as meninas e armam uma grande confus\u00e3o. Edgard acende as luzes, e Karina descobre que beijou Pedro.<\/p>\n<p>(*) edi\u00e7\u00e3o das novelas da Globo, \u201cMalha\u00e7\u00e3o\u201d Sonhos, sujeito a altera\u00e7\u00e3o de data e conte\u00fado.<\/p>\n<p>Sinopse Novela &#8220;Malha\u00e7\u00e3o&#8221; Sonhos: Formar campe\u00f5es e repassar os princ\u00edpios das artes marciais para os alunos s\u00e3o alguns dos sonhos de Gael (Eriberto Le\u00e3o). Duca (Arthur Aguiar) \u00e9 seu melhor atleta. Ele est\u00e1 sempre acompanhado dos amigos Z\u00e9 (Bruno Fraga) e Marc\u00e3o (Jean Amorim). Karina (Isabella Santoni), filha de Gael, n\u00e3o aceita que o pai s\u00f3 tenha olhos para Duca e treina para ser uma grande lutadora. A ca\u00e7ula do mestre \u00e9 apaixonada pelo disc\u00edpulo do pai e n\u00e3o sabe que ele e sua irm\u00e3, Bianca (Bruna Ham\u00fa), est\u00e3o prestes a assumir o namoro.<\/p>\n","protected":false},"excerpt":{"rendered":"<p>Resumo da novela &#8220;Malha\u00e7\u00e3o&#8221; Sonhos em 15\/02: no cap\u00edtulo 016(*) da novela, Karina v\u00ea Bianca beijando Duca e se revolta contra os dois. BB repreende o comportamento de Jade com Duca. Dandara e Gael se aproximam ainda mais. Pedro tenta conversar com Karina, mas ela o ignora. Gael v\u00ea Duca e Bianca juntos. Bianca pede [&hellip;]<\/p>\n","protected":false},"author":2,"featured_media":202687,"comment_status":"closed","ping_status":"closed","sticky":false,"template":"","format":"standard","meta":{"tdm_status":"","tdm_grid_status":"","footnotes":""},"categories":[447,379,375,2025,343],"tags":[441],"class_list":{"0":"post-203398","1":"post","2":"type-post","3":"status-publish","4":"format-standard","5":"has-post-thumbnail","7":"category-malhacao","8":"category-novelas","9":"category-rede-globo","10":"category-resumo","11":"category-televisao","12":"tag-resumo-do-dia"},"_links":{"self":[{"href":"https:\/\/migracao.redenoticia.com.br\/noticia\/wp-json\/wp\/v2\/posts\/203398","targetHints":{"allow":["GET"]}}],"collection":[{"href":"https:\/\/migracao.redenoticia.com.br\/noticia\/wp-json\/wp\/v2\/posts"}],"about":[{"href":"https:\/\/migracao.redenoticia.com.br\/noticia\/wp-json\/wp\/v2\/types\/post"}],"author":[{"embeddable":true,"href":"https:\/\/migracao.redenoticia.com.br\/noticia\/wp-json\/wp\/v2\/users\/2"}],"replies":[{"embeddable":true,"href":"https:\/\/migracao.redenoticia.com.br\/noticia\/wp-json\/wp\/v2\/comments?post=203398"}],"version-history":[{"count":0,"href":"https:\/\/migracao.redenoticia.com.br\/noticia\/wp-json\/wp\/v2\/posts\/203398\/revisions"}],"wp:featuredmedia":[{"embeddable":true,"href":"https:\/\/migracao.redenoticia.com.br\/noticia\/wp-json\/wp\/v2\/media\/202687"}],"wp:attachment":[{"href":"https:\/\/migracao.redenoticia.com.br\/noticia\/wp-json\/wp\/v2\/media?parent=203398"}],"wp:term":[{"taxonomy":"category","embeddable":true,"href":"https:\/\/migracao.redenoticia.com.br\/noticia\/wp-json\/wp\/v2\/categories?post=203398"},{"taxonomy":"post_tag","embeddable":true,"href":"https:\/\/migracao.redenoticia.com.br\/noticia\/wp-json\/wp\/v2\/tags?post=203398"}],"curies":[{"name":"wp","href":"https:\/\/api.w.org\/{rel}","templated":true}]}}