{"id":203470,"date":"2021-02-17T11:55:28","date_gmt":"2021-02-17T14:55:28","guid":{"rendered":"https:\/\/www.redenoticia.com.br\/noticia\/?p=203470"},"modified":"2021-02-17T11:55:28","modified_gmt":"2021-02-17T14:55:28","slug":"resumo-chiquititas-18-02-junior-surta-com-armando","status":"publish","type":"post","link":"https:\/\/migracao.redenoticia.com.br\/noticia\/2021\/resumo-chiquititas-18-02-junior-surta-com-armando\/203470","title":{"rendered":"Resumo \u201cChiquititas\u201d 18\/02: Junior surta com Armando"},"content":{"rendered":"<p><img loading=\"lazy\" decoding=\"async\" class=\"aligncenter size-full wp-image-195897\" src=\"https:\/\/migracao.redenoticia.com.br\/noticia\/imagens\/chiquititas-resumo-sinopse.jpg\" alt=\"\" width=\"1280\" height=\"720\" srcset=\"https:\/\/migracao.redenoticia.com.br\/noticia\/imagens\/chiquititas-resumo-sinopse.jpg 1280w, https:\/\/migracao.redenoticia.com.br\/noticia\/imagens\/chiquititas-resumo-sinopse-250x140.jpg 250w, https:\/\/migracao.redenoticia.com.br\/noticia\/imagens\/chiquititas-resumo-sinopse-400x225.jpg 400w, https:\/\/migracao.redenoticia.com.br\/noticia\/imagens\/chiquititas-resumo-sinopse-768x432.jpg 768w, https:\/\/migracao.redenoticia.com.br\/noticia\/imagens\/chiquititas-resumo-sinopse-150x85.jpg 150w, https:\/\/migracao.redenoticia.com.br\/noticia\/imagens\/chiquititas-resumo-sinopse-696x392.jpg 696w, https:\/\/migracao.redenoticia.com.br\/noticia\/imagens\/chiquititas-resumo-sinopse-1068x601.jpg 1068w\" sizes=\"auto, (max-width: 1280px) 100vw, 1280px\" \/><\/p>\n<p><strong><em>Resumo da novela \u201cChiquititas\u201d<\/em><\/strong> em 18\/02: no cap\u00edtulo 164(*) da novela, Eduarda vai at\u00e9 a mans\u00e3o dos Almeida Campos insistir que Junior reate o namoro com Maria Cec\u00edlia. Junior enfatiza que ele n\u00e3o ir\u00e1 voltar com Maria Cec\u00edlia. As chiquititas v\u00e3o at\u00e9 a casa de JP arrumar a casa para a festa de anivers\u00e1rio surpresa. Renata faz quest\u00e3o de dar indiretas a Mili. Junior volta ao Caf\u00e9 Boutique e surta ao ver as modifica\u00e7\u00f5es que Armando fez na loja, como os pocket-show. Um policial vai at\u00e9 a mans\u00e3o dos Almeida Campos.<\/p>\n<p>Ele diz que aconteceu um acidente de helic\u00f3ptero no mar e as caracter\u00edsticas do corpo do casal morto eram da Gabriela e do Miguel. Carmen finge chorar, embora saiba que na verdade Gabriela est\u00e1 viva e em Paris. Junior fica chocado com a not\u00edcia da suposta morte. Todos v\u00e3o para a festa surpresa de JP. Renata pede para as meninas do orfanato vestirem aventais para servirem os convidados. JP chega \u00e0 festa com seu pai, Oscar.<\/p>\n<p>(*) edi\u00e7\u00e3o das novelas do SBT, \u201cChiquititas\u201d, sujeito a altera\u00e7\u00e3o de data e conte\u00fado.<\/p>\n","protected":false},"excerpt":{"rendered":"<p>Resumo da novela \u201cChiquititas\u201d em 18\/02: no cap\u00edtulo 164(*) da novela, Eduarda vai at\u00e9 a mans\u00e3o dos Almeida Campos insistir que Junior reate o namoro com Maria Cec\u00edlia. Junior enfatiza que ele n\u00e3o ir\u00e1 voltar com Maria Cec\u00edlia. As chiquititas v\u00e3o at\u00e9 a casa de JP arrumar a casa para a festa de anivers\u00e1rio surpresa. [&hellip;]<\/p>\n","protected":false},"author":4,"featured_media":195894,"comment_status":"closed","ping_status":"closed","sticky":false,"template":"","format":"standard","meta":{"tdm_status":"","tdm_grid_status":"","footnotes":""},"categories":[409,379,2025,372,343],"tags":[441],"class_list":{"0":"post-203470","1":"post","2":"type-post","3":"status-publish","4":"format-standard","5":"has-post-thumbnail","7":"category-chiquititas","8":"category-novelas","9":"category-resumo","10":"category-sbt","11":"category-televisao","12":"tag-resumo-do-dia"},"_links":{"self":[{"href":"https:\/\/migracao.redenoticia.com.br\/noticia\/wp-json\/wp\/v2\/posts\/203470","targetHints":{"allow":["GET"]}}],"collection":[{"href":"https:\/\/migracao.redenoticia.com.br\/noticia\/wp-json\/wp\/v2\/posts"}],"about":[{"href":"https:\/\/migracao.redenoticia.com.br\/noticia\/wp-json\/wp\/v2\/types\/post"}],"author":[{"embeddable":true,"href":"https:\/\/migracao.redenoticia.com.br\/noticia\/wp-json\/wp\/v2\/users\/4"}],"replies":[{"embeddable":true,"href":"https:\/\/migracao.redenoticia.com.br\/noticia\/wp-json\/wp\/v2\/comments?post=203470"}],"version-history":[{"count":0,"href":"https:\/\/migracao.redenoticia.com.br\/noticia\/wp-json\/wp\/v2\/posts\/203470\/revisions"}],"wp:featuredmedia":[{"embeddable":true,"href":"https:\/\/migracao.redenoticia.com.br\/noticia\/wp-json\/wp\/v2\/media\/195894"}],"wp:attachment":[{"href":"https:\/\/migracao.redenoticia.com.br\/noticia\/wp-json\/wp\/v2\/media?parent=203470"}],"wp:term":[{"taxonomy":"category","embeddable":true,"href":"https:\/\/migracao.redenoticia.com.br\/noticia\/wp-json\/wp\/v2\/categories?post=203470"},{"taxonomy":"post_tag","embeddable":true,"href":"https:\/\/migracao.redenoticia.com.br\/noticia\/wp-json\/wp\/v2\/tags?post=203470"}],"curies":[{"name":"wp","href":"https:\/\/api.w.org\/{rel}","templated":true}]}}