{"id":203559,"date":"2021-02-19T11:45:20","date_gmt":"2021-02-19T14:45:20","guid":{"rendered":"https:\/\/www.redenoticia.com.br\/noticia\/?p=203559"},"modified":"2021-02-19T11:45:20","modified_gmt":"2021-02-19T14:45:20","slug":"resumo-chiquititas-20-02-carol-e-nova-diretora-do-raio-de-luz","status":"publish","type":"post","link":"https:\/\/migracao.redenoticia.com.br\/noticia\/2021\/resumo-chiquititas-20-02-carol-e-nova-diretora-do-raio-de-luz\/203559","title":{"rendered":"Resumo \u201cChiquititas\u201d 20\/02: Carol \u00e9 nova diretora do \u201cRaio de Luz\u201d"},"content":{"rendered":"<p><img loading=\"lazy\" decoding=\"async\" class=\"aligncenter size-full wp-image-195897\" src=\"https:\/\/migracao.redenoticia.com.br\/noticia\/imagens\/chiquititas-resumo-sinopse.jpg\" alt=\"\" width=\"1280\" height=\"720\" srcset=\"https:\/\/migracao.redenoticia.com.br\/noticia\/imagens\/chiquititas-resumo-sinopse.jpg 1280w, https:\/\/migracao.redenoticia.com.br\/noticia\/imagens\/chiquititas-resumo-sinopse-250x140.jpg 250w, https:\/\/migracao.redenoticia.com.br\/noticia\/imagens\/chiquititas-resumo-sinopse-400x225.jpg 400w, https:\/\/migracao.redenoticia.com.br\/noticia\/imagens\/chiquititas-resumo-sinopse-768x432.jpg 768w, https:\/\/migracao.redenoticia.com.br\/noticia\/imagens\/chiquititas-resumo-sinopse-150x85.jpg 150w, https:\/\/migracao.redenoticia.com.br\/noticia\/imagens\/chiquititas-resumo-sinopse-696x392.jpg 696w, https:\/\/migracao.redenoticia.com.br\/noticia\/imagens\/chiquititas-resumo-sinopse-1068x601.jpg 1068w\" sizes=\"auto, (max-width: 1280px) 100vw, 1280px\" \/><\/p>\n<p><strong><em>Resumo da novela \u201cChiquititas\u201d<\/em><\/strong> em 20\/02: no cap\u00edtulo 166(*) da novela, Bel agradece a ajuda que Rafa lhe ofereceu, mas diz que \u00e9 melhor deixar Janj\u00e3o e Tatu levar sua bicicleta. Rafa vai embora. Os dois meninos dizem que Bel precisa parar de falar com a &#8220;Baleia \u00d3rf\u00e3&#8221; e com as demais Chiquititas. Bel n\u00e3o concorda, mas tamb\u00e9m n\u00e3o diz nada. JP diz para Renata que amou o texto que recebeu. Renata se aproveita da situa\u00e7\u00e3o e diz que foi ela quem escreveu. JP fica surpreso e aconselha sua namorada a inscrever o texto no concurso liter\u00e1rio que a m\u00e3e dele, Linda, est\u00e1 promovendo. O texto foi na verdade escrito por Mili e enviado de maneira an\u00f4nima por Cris para JP. Cris v\u00ea na internet informa\u00e7\u00f5es sobre o concurso liter\u00e1rio e aconselha Mili a inscrever seu texto. Mili diz que n\u00e3o, pois a m\u00e3e de JP \u00e9 a organizadora do concurso e lhe trata de maneira r\u00edspida.<\/p>\n<p>Clarita conta para \u00c9rica que ainda n\u00e3o est\u00e1 namorando Francis, pois ele \u00e9 t\u00e3o rom\u00e2ntico que n\u00e3o toma iniciativa nem para beij\u00e1-la. Maria Cec\u00edlia est\u00e1 preocupada com o desaparecimento de Tobias. Eduarda chama Shirley Santana para conversarem. Eduarda conta para a amiga como conheceu seu ex-marido, Oscar, e que agora que est\u00e3o pr\u00f3ximos v\u00e1rias coisas que ela sentia est\u00e3o voltando. Na mans\u00e3o dos Almeida Campos, come\u00e7a a leitura do testamento de Jos\u00e9 Ricardo para Junior e Carmen. Miguel, que est\u00e1 na mans\u00e3o escondido, escuta tudo. Existe algo pr\u00e9-combinado entre Carmen e o advogado de Jos\u00e9 Ricardo. Janu e Andr\u00e9 passam em frente ao orfanato.<\/p>\n<p>Pata, escondida, molha a menina com a mangueira. Janu entra no orfanato e exige saber, de maneira arrogante, quem foi que a molhou. Pata aparece, finge n\u00e3o ter sido a respons\u00e1vel e ri muito da menina encrenqueira. O falso testamento \u00e9 lido e o Orfanato Raio de Luz e quase toda a heran\u00e7a ficam para Carmen. O Caf\u00e9 Boutique para Junior, que n\u00e3o entende o testamento. Mais tarde, Pata assume ter molhado Janu, pois a menina fica falando mal de todos do orfanato pela rua. Todos contam para Carol como se sentem com as maldades ditas por Janu. Carol tenta aconselhar elas e diz que molhar a menina n\u00e3o \u00e9 a melhor solu\u00e7\u00e3o. Miguel acha que Jos\u00e9 Ricardo \u00e9 frio e que n\u00e3o teve coragem de assumir sua neta nem ap\u00f3s a morte. Miguel passa a pensar que Carmen talvez tenha planejado tudo sobre o testamento com o advogado.<\/p>\n<p>Cris revela que inscreveu a hist\u00f3ria de Mili no concurso liter\u00e1rio sem a permiss\u00e3o dela e que inventou um outro nome para evitar dela ser barrada:A\u00e7ucena. Janu e Pata se desentendem na escola. Pata diz ter sido a respons\u00e1vel por ter molhado a encrenqueira. O lugar onde Junior ficou ref\u00e9m na Amaz\u00f4nia foi desfeito e os criminosos presos. Junior leva Sim\u00e3o, que tamb\u00e9m era ref\u00e9m e o ajudou a fugir do cativeiro, para passar uma temporada na mans\u00e3o dos Almeida Campos. Na escola, Janu cola chiclete no cabelo de Pata sem que ela perceba. Janu ri sob o olhar de reprova\u00e7\u00e3o de sua amiga, Bel. Os meninos encrenqueiros colam uma placa nas costas de Samuca escrito: &#8220;Nerd Novato&#8221;. No p\u00e1tio da escola, Mili e Bia dizem que o cabelo dela est\u00e1 cheio de chiclete. Pata fica irritada. Janu e Pata brigam e puxam os cabelos uma da outra.<\/p>\n<p>A professora aparece, Janu corre e Pata \u00e9 comunicada que ficar\u00e1 de castigo com Andr\u00e9, que chegou no momento em que Janu correu. Mais tarde, Carmen avisa todos do orfanato que \u00e9 a propriet\u00e1ria do Raio de Luz e que por isso voltar\u00e1 a ser a diretora do local. A m\u00e3e de JP l\u00ea os textos inscritos no concurso e nota que o texto de Mili (que est\u00e1 com outro nome) \u00e9 o mesmo que Renata diz ter escrito. O representante de um cart\u00f3rio, doutor Mendes, vai ao orfanato e revela que Jos\u00e9 Ricardo deixou uma carta assinada e registrada com o nome de quem deveria assumir a dire\u00e7\u00e3o do orfanato ap\u00f3s sua morte. Para desespero de Carmen, atual dona do local, Carol \u00e9 anunciada nova diretora. As chiquititas vibram e Carol se emociona.<\/p>\n<p>(*) edi\u00e7\u00e3o das novelas do SBT, \u201cChiquititas\u201d, sujeito a altera\u00e7\u00e3o de data e conte\u00fado.<\/p>\n","protected":false},"excerpt":{"rendered":"<p>Resumo da novela \u201cChiquititas\u201d em 20\/02: no cap\u00edtulo 166(*) da novela, Bel agradece a ajuda que Rafa lhe ofereceu, mas diz que \u00e9 melhor deixar Janj\u00e3o e Tatu levar sua bicicleta. Rafa vai embora. Os dois meninos dizem que Bel precisa parar de falar com a &#8220;Baleia \u00d3rf\u00e3&#8221; e com as demais Chiquititas. Bel n\u00e3o [&hellip;]<\/p>\n","protected":false},"author":4,"featured_media":0,"comment_status":"closed","ping_status":"closed","sticky":false,"template":"","format":"standard","meta":{"tdm_status":"","tdm_grid_status":"","footnotes":""},"categories":[409,379,2025,372,343],"tags":[441],"class_list":{"0":"post-203559","1":"post","2":"type-post","3":"status-publish","4":"format-standard","6":"category-chiquititas","7":"category-novelas","8":"category-resumo","9":"category-sbt","10":"category-televisao","11":"tag-resumo-do-dia"},"_links":{"self":[{"href":"https:\/\/migracao.redenoticia.com.br\/noticia\/wp-json\/wp\/v2\/posts\/203559","targetHints":{"allow":["GET"]}}],"collection":[{"href":"https:\/\/migracao.redenoticia.com.br\/noticia\/wp-json\/wp\/v2\/posts"}],"about":[{"href":"https:\/\/migracao.redenoticia.com.br\/noticia\/wp-json\/wp\/v2\/types\/post"}],"author":[{"embeddable":true,"href":"https:\/\/migracao.redenoticia.com.br\/noticia\/wp-json\/wp\/v2\/users\/4"}],"replies":[{"embeddable":true,"href":"https:\/\/migracao.redenoticia.com.br\/noticia\/wp-json\/wp\/v2\/comments?post=203559"}],"version-history":[{"count":0,"href":"https:\/\/migracao.redenoticia.com.br\/noticia\/wp-json\/wp\/v2\/posts\/203559\/revisions"}],"wp:attachment":[{"href":"https:\/\/migracao.redenoticia.com.br\/noticia\/wp-json\/wp\/v2\/media?parent=203559"}],"wp:term":[{"taxonomy":"category","embeddable":true,"href":"https:\/\/migracao.redenoticia.com.br\/noticia\/wp-json\/wp\/v2\/categories?post=203559"},{"taxonomy":"post_tag","embeddable":true,"href":"https:\/\/migracao.redenoticia.com.br\/noticia\/wp-json\/wp\/v2\/tags?post=203559"}],"curies":[{"name":"wp","href":"https:\/\/api.w.org\/{rel}","templated":true}]}}