{"id":203604,"date":"2021-02-21T20:32:04","date_gmt":"2021-02-21T23:32:04","guid":{"rendered":"https:\/\/www.redenoticia.com.br\/noticia\/?p=203604"},"modified":"2021-02-21T20:32:04","modified_gmt":"2021-02-21T23:32:04","slug":"resumo-chiquititas-22-02-maria-cecilia-sofre-por-nao-ter-noticias-de-tobias","status":"publish","type":"post","link":"https:\/\/migracao.redenoticia.com.br\/noticia\/2021\/resumo-chiquititas-22-02-maria-cecilia-sofre-por-nao-ter-noticias-de-tobias\/203604","title":{"rendered":"Resumo \u201cChiquititas\u201d 22\/02: Maria Cec\u00edlia sofre por n\u00e3o ter not\u00edcias de Tobias"},"content":{"rendered":"<p> <img loading=\"lazy\" decoding=\"async\" class=\"aligncenter size-full wp-image-195897\" src=\"https:\/\/migracao.redenoticia.com.br\/noticia\/imagens\/chiquititas-resumo-sinopse.jpg\" alt=\"\" width=\"1280\" height=\"720\" srcset=\"https:\/\/migracao.redenoticia.com.br\/noticia\/imagens\/chiquititas-resumo-sinopse.jpg 1280w, https:\/\/migracao.redenoticia.com.br\/noticia\/imagens\/chiquititas-resumo-sinopse-250x140.jpg 250w, https:\/\/migracao.redenoticia.com.br\/noticia\/imagens\/chiquititas-resumo-sinopse-400x225.jpg 400w, https:\/\/migracao.redenoticia.com.br\/noticia\/imagens\/chiquititas-resumo-sinopse-768x432.jpg 768w, https:\/\/migracao.redenoticia.com.br\/noticia\/imagens\/chiquititas-resumo-sinopse-150x85.jpg 150w, https:\/\/migracao.redenoticia.com.br\/noticia\/imagens\/chiquititas-resumo-sinopse-696x392.jpg 696w, https:\/\/migracao.redenoticia.com.br\/noticia\/imagens\/chiquititas-resumo-sinopse-1068x601.jpg 1068w\" sizes=\"auto, (max-width: 1280px) 100vw, 1280px\" \/><\/p>\n<p><strong><em>Resumo da novela \u201cChiquititas\u201d<\/em><\/strong> em 22\/02: no cap\u00edtulo 167(*) da novela, as chiquititas fazem um caf\u00e9 da manh\u00e3 especial para comemorar o primeiro dia de dire\u00e7\u00e3o de Carol. Todos falam como se sentem felizes com a escolha dela. Carol fica emocionada e alegre. Eduarda e Oscar v\u00e3o fazer exerc\u00edcios na pra\u00e7a. Maria Cec\u00edlia sofre por n\u00e3o ter not\u00edcias de Tobias. Oscar convida Eduarda para ir morar com ele na praia. Mili est\u00e1 entre os finalistas do concurso de literatura. Miguel est\u00e1 preso no por\u00e3o. Maria Cec\u00edlia e Tobias se reencontram por acaso. Maria Cec\u00edlia conta tudo o que aconteceu e revela que n\u00e3o desistiu dele. Os dois se abra\u00e7am emocionados. Ele aparece montado num cavalo branco, pois estava trabalhando como ator numa filmagem.<\/p>\n<p>Miguel descobre espa\u00e7os entre as paredes do orfanato. Vivi sugere que Mili se caracterize como A\u00e7ucena. Mili diz que n\u00e3o \u00e9 atriz e que n\u00e3o ir\u00e1 para a premia\u00e7\u00e3o. Tobias diz que levar\u00e1 adiante a carreira como ator, pois est\u00e1 feliz. &#8220;Eu te amo Tobias e \u00e9 com voc\u00ea que eu quero ficar&#8221;, diz Maria Cec\u00edlia antes do beijo dos dois. JP deixa um cart\u00e3o para Mili entregar para A\u00e7ucena, sem saber que s\u00e3o a mesma pessoa. Mili acaba sendo convencida a se caracterizar de A\u00e7ucena e ir \u00e0 premia\u00e7\u00e3o do concurso. Maria Cec\u00edlia chega em sua casa com Tobias e avisa seus pais que os dois est\u00e3o juntos. Peruca loira, len\u00e7o no pesco\u00e7o e um \u00f3culos: A\u00e7ucena est\u00e1 criada.<\/p>\n<p>(*) edi\u00e7\u00e3o das novelas do SBT, \u201cChiquititas\u201d, sujeito a altera\u00e7\u00e3o de data e conte\u00fado.<\/p>\n","protected":false},"excerpt":{"rendered":"<p>Resumo da novela \u201cChiquititas\u201d em 22\/02: no cap\u00edtulo 167(*) da novela, as chiquititas fazem um caf\u00e9 da manh\u00e3 especial para comemorar o primeiro dia de dire\u00e7\u00e3o de Carol. Todos falam como se sentem felizes com a escolha dela. Carol fica emocionada e alegre. Eduarda e Oscar v\u00e3o fazer exerc\u00edcios na pra\u00e7a. Maria Cec\u00edlia sofre por [&hellip;]<\/p>\n","protected":false},"author":2,"featured_media":195894,"comment_status":"closed","ping_status":"closed","sticky":false,"template":"","format":"standard","meta":{"tdm_status":"","tdm_grid_status":"","footnotes":""},"categories":[409,379,2025,372,343],"tags":[441],"class_list":{"0":"post-203604","1":"post","2":"type-post","3":"status-publish","4":"format-standard","5":"has-post-thumbnail","7":"category-chiquititas","8":"category-novelas","9":"category-resumo","10":"category-sbt","11":"category-televisao","12":"tag-resumo-do-dia"},"_links":{"self":[{"href":"https:\/\/migracao.redenoticia.com.br\/noticia\/wp-json\/wp\/v2\/posts\/203604","targetHints":{"allow":["GET"]}}],"collection":[{"href":"https:\/\/migracao.redenoticia.com.br\/noticia\/wp-json\/wp\/v2\/posts"}],"about":[{"href":"https:\/\/migracao.redenoticia.com.br\/noticia\/wp-json\/wp\/v2\/types\/post"}],"author":[{"embeddable":true,"href":"https:\/\/migracao.redenoticia.com.br\/noticia\/wp-json\/wp\/v2\/users\/2"}],"replies":[{"embeddable":true,"href":"https:\/\/migracao.redenoticia.com.br\/noticia\/wp-json\/wp\/v2\/comments?post=203604"}],"version-history":[{"count":0,"href":"https:\/\/migracao.redenoticia.com.br\/noticia\/wp-json\/wp\/v2\/posts\/203604\/revisions"}],"wp:featuredmedia":[{"embeddable":true,"href":"https:\/\/migracao.redenoticia.com.br\/noticia\/wp-json\/wp\/v2\/media\/195894"}],"wp:attachment":[{"href":"https:\/\/migracao.redenoticia.com.br\/noticia\/wp-json\/wp\/v2\/media?parent=203604"}],"wp:term":[{"taxonomy":"category","embeddable":true,"href":"https:\/\/migracao.redenoticia.com.br\/noticia\/wp-json\/wp\/v2\/categories?post=203604"},{"taxonomy":"post_tag","embeddable":true,"href":"https:\/\/migracao.redenoticia.com.br\/noticia\/wp-json\/wp\/v2\/tags?post=203604"}],"curies":[{"name":"wp","href":"https:\/\/api.w.org\/{rel}","templated":true}]}}