{"id":203636,"date":"2021-02-22T16:58:24","date_gmt":"2021-02-22T19:58:24","guid":{"rendered":"https:\/\/www.redenoticia.com.br\/noticia\/?p=203636"},"modified":"2021-02-22T16:58:24","modified_gmt":"2021-02-22T19:58:24","slug":"resumo-chiquititas-23-02-matilde-descobre-que-mili-e-neta-de-jose-ricardo","status":"publish","type":"post","link":"https:\/\/migracao.redenoticia.com.br\/noticia\/2021\/resumo-chiquititas-23-02-matilde-descobre-que-mili-e-neta-de-jose-ricardo\/203636","title":{"rendered":"Resumo \u201cChiquititas\u201d 23\/02: Matilde descobre que Mili \u00e9 neta de Jos\u00e9 Ricardo"},"content":{"rendered":"<p> <img loading=\"lazy\" decoding=\"async\" class=\"aligncenter size-full wp-image-195897\" src=\"https:\/\/migracao.redenoticia.com.br\/noticia\/imagens\/chiquititas-resumo-sinopse.jpg\" alt=\"\" width=\"1280\" height=\"720\" srcset=\"https:\/\/migracao.redenoticia.com.br\/noticia\/imagens\/chiquititas-resumo-sinopse.jpg 1280w, https:\/\/migracao.redenoticia.com.br\/noticia\/imagens\/chiquititas-resumo-sinopse-250x140.jpg 250w, https:\/\/migracao.redenoticia.com.br\/noticia\/imagens\/chiquititas-resumo-sinopse-400x225.jpg 400w, https:\/\/migracao.redenoticia.com.br\/noticia\/imagens\/chiquititas-resumo-sinopse-768x432.jpg 768w, https:\/\/migracao.redenoticia.com.br\/noticia\/imagens\/chiquititas-resumo-sinopse-150x85.jpg 150w, https:\/\/migracao.redenoticia.com.br\/noticia\/imagens\/chiquititas-resumo-sinopse-696x392.jpg 696w, https:\/\/migracao.redenoticia.com.br\/noticia\/imagens\/chiquititas-resumo-sinopse-1068x601.jpg 1068w\" sizes=\"auto, (max-width: 1280px) 100vw, 1280px\" \/><\/p>\n<p><strong><em>Resumo da novela \u201cChiquititas\u201d<\/em><\/strong> em 23\/02: no cap\u00edtulo 168(*) da novela, Eduarda surta ao saber da decis\u00e3o de Maria Cec\u00edlia em ficar com Tobias. Cris e Vivi ajudam Mili a criar um novo caminhar e jeito de falar para que JP n\u00e3o perceba que A\u00e7ucena \u00e9 ela. Todos chegam \u00e0 sala de aula. Na lousa, uma mensagem escrita por Janu para Pata: &#8220;Sai Fora Menina de Rua&#8221;. Pata fica irritada. Matilde chega \u00e0 conclus\u00e3o que Carmen est\u00e1 tentando tirar proveito dela. Pata pede ajuda de Bia para darem o troco em Janu. Bia mexe nas coisas de Janu e descobre um cora\u00e7\u00e3o no caderno dela com o nome de Andr\u00e9.<\/p>\n<p>Pata e Bia v\u00e3o usar essa descoberta para se vingarem. Elas contam isso para Rafa, Binho e Thiago. Bia diz que ir\u00e1 marcar um encontro falso entre os dois. Eles v\u00e3o fazer Andr\u00e9 acreditar que \u00e9 um encontro de amigos e Janu achar que ser\u00e1 um encontro rom\u00e2ntico. Fernando leva flores para Carol na diretoria do orfanato. Matilde vai at\u00e9 a mans\u00e3o dos Almeida Campos falar com Carmen. Matilde aproveita que Carmen n\u00e3o est\u00e1 na mans\u00e3o e procura o testamento de Jos\u00e9 Ricardo. Ela descobre o testamento real, que diz que Mili \u00e9 neta de Jos\u00e9 Ricardo. Matilde tamb\u00e9m encontra o falso testamento. Janu e Andr\u00e9 encontram os bilhetes em suas mochilas com as falsas mensagens e caem no plano.<\/p>\n<p>(*) edi\u00e7\u00e3o das novelas do SBT, \u201cChiquititas\u201d, sujeito a altera\u00e7\u00e3o de data e conte\u00fado.<\/p>\n","protected":false},"excerpt":{"rendered":"<p>Resumo da novela \u201cChiquititas\u201d em 23\/02: no cap\u00edtulo 168(*) da novela, Eduarda surta ao saber da decis\u00e3o de Maria Cec\u00edlia em ficar com Tobias. Cris e Vivi ajudam Mili a criar um novo caminhar e jeito de falar para que JP n\u00e3o perceba que A\u00e7ucena \u00e9 ela. Todos chegam \u00e0 sala de aula. Na lousa, [&hellip;]<\/p>\n","protected":false},"author":2,"featured_media":195894,"comment_status":"closed","ping_status":"closed","sticky":false,"template":"","format":"standard","meta":{"tdm_status":"","tdm_grid_status":"","footnotes":""},"categories":[409,379,2025,372,343],"tags":[441],"class_list":{"0":"post-203636","1":"post","2":"type-post","3":"status-publish","4":"format-standard","5":"has-post-thumbnail","7":"category-chiquititas","8":"category-novelas","9":"category-resumo","10":"category-sbt","11":"category-televisao","12":"tag-resumo-do-dia"},"_links":{"self":[{"href":"https:\/\/migracao.redenoticia.com.br\/noticia\/wp-json\/wp\/v2\/posts\/203636","targetHints":{"allow":["GET"]}}],"collection":[{"href":"https:\/\/migracao.redenoticia.com.br\/noticia\/wp-json\/wp\/v2\/posts"}],"about":[{"href":"https:\/\/migracao.redenoticia.com.br\/noticia\/wp-json\/wp\/v2\/types\/post"}],"author":[{"embeddable":true,"href":"https:\/\/migracao.redenoticia.com.br\/noticia\/wp-json\/wp\/v2\/users\/2"}],"replies":[{"embeddable":true,"href":"https:\/\/migracao.redenoticia.com.br\/noticia\/wp-json\/wp\/v2\/comments?post=203636"}],"version-history":[{"count":0,"href":"https:\/\/migracao.redenoticia.com.br\/noticia\/wp-json\/wp\/v2\/posts\/203636\/revisions"}],"wp:featuredmedia":[{"embeddable":true,"href":"https:\/\/migracao.redenoticia.com.br\/noticia\/wp-json\/wp\/v2\/media\/195894"}],"wp:attachment":[{"href":"https:\/\/migracao.redenoticia.com.br\/noticia\/wp-json\/wp\/v2\/media?parent=203636"}],"wp:term":[{"taxonomy":"category","embeddable":true,"href":"https:\/\/migracao.redenoticia.com.br\/noticia\/wp-json\/wp\/v2\/categories?post=203636"},{"taxonomy":"post_tag","embeddable":true,"href":"https:\/\/migracao.redenoticia.com.br\/noticia\/wp-json\/wp\/v2\/tags?post=203636"}],"curies":[{"name":"wp","href":"https:\/\/api.w.org\/{rel}","templated":true}]}}