{"id":2038,"date":"2009-05-26T13:52:23","date_gmt":"2009-05-26T17:52:23","guid":{"rendered":"http:\/\/www.redenoticia.com.br\/noticia\/?p=2038"},"modified":"2009-05-26T14:13:35","modified_gmt":"2009-05-26T18:13:35","slug":"abertura-dos-jems-ji-parana-pode-ser-visto-no-rede-noticia","status":"publish","type":"post","link":"https:\/\/migracao.redenoticia.com.br\/noticia\/2009\/abertura-dos-jems-ji-parana-pode-ser-visto-no-rede-noticia\/2038","title":{"rendered":"Abertura dos JEM&#8217;s Ji-Paran\u00e1 pode ser visto no REDE NOT\u00cdCIA"},"content":{"rendered":"<p class=\"MsoNormal\" style=\"margin-bottom: 12pt;\"><span class=\"titulo11\"><span style=\"font-size: 9pt; font-family: Arial; font-weight: normal;\"><a href=\"https:\/\/migracao.redenoticia.com.br\/noticia\/imagens\/\/jem8.jpg\"><img loading=\"lazy\" decoding=\"async\" class=\"alignleft size-medium wp-image-2037\" title=\"jem8\" src=\"https:\/\/migracao.redenoticia.com.br\/noticia\/imagens\/\/jem8-249x187.jpg\" alt=\"jem8\" width=\"249\" height=\"187\" \/><\/a>Um clip da festa de abertura do JEM\u2019s de Ji-Paran\u00e1, na sexta (22), mostra a descontra\u00e7\u00e3o e alegria dos competidores.<\/span><\/span><\/p>\n<p class=\"MsoNormal\" style=\"margin-bottom: 12pt;\">\u00a0<\/p>\n<p class=\"MsoNormal\" style=\"margin-bottom: 12pt;\">\u00a0<\/p>\n<p class=\"MsoNormal\" style=\"margin-bottom: 12pt;\">\u00a0<\/p>\n<p class=\"MsoNormal\" style=\"margin-bottom: 12pt;\">\u00a0<\/p>\n<p class=\"MsoNormal\" style=\"margin-bottom: 12pt;\"><span>[wpyt_profile2]LVyMFw_NCAY[\/wpyt_profile2]<br \/>\n<\/span><\/p>\n","protected":false},"excerpt":{"rendered":"<p>Um clip da festa de abertura do JEM\u2019s de Ji-Paran\u00e1, na sexta (22), mostra a descontra\u00e7\u00e3o e alegria dos competidores. \u00a0 \u00a0 \u00a0 \u00a0 [wpyt_profile2]LVyMFw_NCAY[\/wpyt_profile2]<\/p>\n","protected":false},"author":3,"featured_media":0,"comment_status":"open","ping_status":"open","sticky":false,"template":"","format":"standard","meta":{"tdm_status":"","tdm_grid_status":"","footnotes":""},"categories":[22],"tags":[],"class_list":{"0":"post-2038","1":"post","2":"type-post","3":"status-publish","4":"format-standard","6":"category-brasil"},"_links":{"self":[{"href":"https:\/\/migracao.redenoticia.com.br\/noticia\/wp-json\/wp\/v2\/posts\/2038","targetHints":{"allow":["GET"]}}],"collection":[{"href":"https:\/\/migracao.redenoticia.com.br\/noticia\/wp-json\/wp\/v2\/posts"}],"about":[{"href":"https:\/\/migracao.redenoticia.com.br\/noticia\/wp-json\/wp\/v2\/types\/post"}],"author":[{"embeddable":true,"href":"https:\/\/migracao.redenoticia.com.br\/noticia\/wp-json\/wp\/v2\/users\/3"}],"replies":[{"embeddable":true,"href":"https:\/\/migracao.redenoticia.com.br\/noticia\/wp-json\/wp\/v2\/comments?post=2038"}],"version-history":[{"count":0,"href":"https:\/\/migracao.redenoticia.com.br\/noticia\/wp-json\/wp\/v2\/posts\/2038\/revisions"}],"wp:attachment":[{"href":"https:\/\/migracao.redenoticia.com.br\/noticia\/wp-json\/wp\/v2\/media?parent=2038"}],"wp:term":[{"taxonomy":"category","embeddable":true,"href":"https:\/\/migracao.redenoticia.com.br\/noticia\/wp-json\/wp\/v2\/categories?post=2038"},{"taxonomy":"post_tag","embeddable":true,"href":"https:\/\/migracao.redenoticia.com.br\/noticia\/wp-json\/wp\/v2\/tags?post=2038"}],"curies":[{"name":"wp","href":"https:\/\/api.w.org\/{rel}","templated":true}]}}