{"id":203828,"date":"2021-02-28T18:02:44","date_gmt":"2021-02-28T21:02:44","guid":{"rendered":"https:\/\/www.redenoticia.com.br\/noticia\/?p=203828"},"modified":"2021-02-28T18:02:44","modified_gmt":"2021-02-28T21:02:44","slug":"resumo-a-forca-do-querer-01-03-bibi-se-revolta-contra-rubinho","status":"publish","type":"post","link":"https:\/\/migracao.redenoticia.com.br\/noticia\/2021\/resumo-a-forca-do-querer-01-03-bibi-se-revolta-contra-rubinho\/203828","title":{"rendered":"Resumo &#8220;A For\u00e7a do Querer&#8221; 01\/03: Bibi se revolta contra Rubinho"},"content":{"rendered":"<p> <img loading=\"lazy\" decoding=\"async\" class=\"aligncenter size-full wp-image-195899\" src=\"https:\/\/migracao.redenoticia.com.br\/noticia\/imagens\/a-forca-do-querer-resumo-sinopse.jpg\" alt=\"\" width=\"1280\" height=\"720\" srcset=\"https:\/\/migracao.redenoticia.com.br\/noticia\/imagens\/a-forca-do-querer-resumo-sinopse.jpg 1280w, https:\/\/migracao.redenoticia.com.br\/noticia\/imagens\/a-forca-do-querer-resumo-sinopse-250x140.jpg 250w, https:\/\/migracao.redenoticia.com.br\/noticia\/imagens\/a-forca-do-querer-resumo-sinopse-400x225.jpg 400w, https:\/\/migracao.redenoticia.com.br\/noticia\/imagens\/a-forca-do-querer-resumo-sinopse-768x432.jpg 768w, https:\/\/migracao.redenoticia.com.br\/noticia\/imagens\/a-forca-do-querer-resumo-sinopse-150x85.jpg 150w, https:\/\/migracao.redenoticia.com.br\/noticia\/imagens\/a-forca-do-querer-resumo-sinopse-696x392.jpg 696w, https:\/\/migracao.redenoticia.com.br\/noticia\/imagens\/a-forca-do-querer-resumo-sinopse-1068x601.jpg 1068w\" sizes=\"auto, (max-width: 1280px) 100vw, 1280px\" \/><\/p>\n<p><em><strong>Resumo da novela \u201cA For\u00e7a do Querer\u201d<\/strong><\/em> em 01\/03: no cap\u00edtulo 138(*) da novela, Nonato diz a Simone que acredita que Silvana esteja envolvida com agiotas. Eurico \u00e9 convidado para um desfile em que Elis Miranda se apresentar\u00e1. Bibi dep\u00f5e perante o juiz. Ritinha visita Zeca e Jeiza flagra os dois. Rubinho ordena que Bibi pegue a pens\u00e3o de Ded\u00e9 com Carine.<\/p>\n<p>Bibi se revolta contra Rubinho e exige que Kikito peque o dinheiro com Carine. Bibi desabafa com Alessia sobre Rubinho. Abel se incomoda com o namoro de Nazar\u00e9. Dantas amea\u00e7a processar Ritinha. Bibi investe contra Carine e Jacy pede ajuda a Rubinho. Joyce encontra o cart\u00e3o que Nonato deixou em sua bolsa e Ivan sugere que a m\u00e3e frequente o grupo de apoio. Ol\u00edvia pede que Jeiza deponha em favor de Zeca.<\/p>\n<p>Simone se coloca \u00e0 disposi\u00e7\u00e3o de Silvana e Dita para ajudar a m\u00e3e. Caio orienta Selma a investigar o paradeiro de Solange\/Irene. Irene provoca Joyce, que decide denunci\u00e1-la. Ritinha visita Ruyzinho. Aurora conforta Bibi, que jura vingan\u00e7a contra Rubinho. Eug\u00eanio \u00e9 intimado a pagar pens\u00e3o para Irene. Zeca se recusa a ajudar Ritinha. Jeiza vence sua luta. Gerson sofre um assalto e acaba morto.<\/p>\n<p>(*) edi\u00e7\u00e3o das novelas da Globo, \u201cA For\u00e7a do Querer\u201d, sujeito a altera\u00e7\u00e3o de data e conte\u00fado.<\/p>\n<p>Sinopse \u201cA For\u00e7a do Querer\u201d: esta \u00e9 a hist\u00f3ria de Rita (Isis Valverde), uma jovem apaixonada por si mesma e que adora sentir o fasc\u00ednio que exerce sobre os homens &#8211; assim como as sereias. Zeca (Marco Pigossi) \u00e9 caminhoneiro rude, passional e com um cora\u00e7\u00e3o enorme. Trabalhador, nunca se deixou levar pelos coment\u00e1rios maldosos sobre a personalidade de Rita. Apaixonado pela gata, fica arrasado ao saber de seu envolvimento com Ruy. Orgulhoso, se muda para o Rio de Janeiro para recome\u00e7ar a vida e se aproxima de Jeiza. Ruy (Fiuk) \u00e9 o filho de Eug\u00eanio e Joyce. Est\u00e1 sendo treinado para substituir o pai na empresa da fam\u00edlia. Noivo de Cibele, se encanta por Rita durante uma viagem ao Par\u00e1.<\/p>\n","protected":false},"excerpt":{"rendered":"<p>Resumo da novela \u201cA For\u00e7a do Querer\u201d em 01\/03: no cap\u00edtulo 138(*) da novela, Nonato diz a Simone que acredita que Silvana esteja envolvida com agiotas. Eurico \u00e9 convidado para um desfile em que Elis Miranda se apresentar\u00e1. Bibi dep\u00f5e perante o juiz. Ritinha visita Zeca e Jeiza flagra os dois. Rubinho ordena que Bibi [&hellip;]<\/p>\n","protected":false},"author":2,"featured_media":195901,"comment_status":"closed","ping_status":"closed","sticky":false,"template":"","format":"standard","meta":{"tdm_status":"","tdm_grid_status":"","footnotes":""},"categories":[2027,379,375,2025,343],"tags":[441],"class_list":{"0":"post-203828","1":"post","2":"type-post","3":"status-publish","4":"format-standard","5":"has-post-thumbnail","7":"category-a-forca-do-querer","8":"category-novelas","9":"category-rede-globo","10":"category-resumo","11":"category-televisao","12":"tag-resumo-do-dia"},"_links":{"self":[{"href":"https:\/\/migracao.redenoticia.com.br\/noticia\/wp-json\/wp\/v2\/posts\/203828","targetHints":{"allow":["GET"]}}],"collection":[{"href":"https:\/\/migracao.redenoticia.com.br\/noticia\/wp-json\/wp\/v2\/posts"}],"about":[{"href":"https:\/\/migracao.redenoticia.com.br\/noticia\/wp-json\/wp\/v2\/types\/post"}],"author":[{"embeddable":true,"href":"https:\/\/migracao.redenoticia.com.br\/noticia\/wp-json\/wp\/v2\/users\/2"}],"replies":[{"embeddable":true,"href":"https:\/\/migracao.redenoticia.com.br\/noticia\/wp-json\/wp\/v2\/comments?post=203828"}],"version-history":[{"count":0,"href":"https:\/\/migracao.redenoticia.com.br\/noticia\/wp-json\/wp\/v2\/posts\/203828\/revisions"}],"wp:featuredmedia":[{"embeddable":true,"href":"https:\/\/migracao.redenoticia.com.br\/noticia\/wp-json\/wp\/v2\/media\/195901"}],"wp:attachment":[{"href":"https:\/\/migracao.redenoticia.com.br\/noticia\/wp-json\/wp\/v2\/media?parent=203828"}],"wp:term":[{"taxonomy":"category","embeddable":true,"href":"https:\/\/migracao.redenoticia.com.br\/noticia\/wp-json\/wp\/v2\/categories?post=203828"},{"taxonomy":"post_tag","embeddable":true,"href":"https:\/\/migracao.redenoticia.com.br\/noticia\/wp-json\/wp\/v2\/tags?post=203828"}],"curies":[{"name":"wp","href":"https:\/\/api.w.org\/{rel}","templated":true}]}}