{"id":203843,"date":"2021-02-28T18:04:40","date_gmt":"2021-02-28T21:04:40","guid":{"rendered":"https:\/\/www.redenoticia.com.br\/noticia\/?p=203843"},"modified":"2021-02-28T18:04:40","modified_gmt":"2021-02-28T21:04:40","slug":"resumo-amores-verdadeiros-01-03-jose-angelo-e-vitoria-fica-presos-no-elevador","status":"publish","type":"post","link":"https:\/\/migracao.redenoticia.com.br\/noticia\/2021\/resumo-amores-verdadeiros-01-03-jose-angelo-e-vitoria-fica-presos-no-elevador\/203843","title":{"rendered":"Resumo &#8220;Amores Verdadeiros&#8221; 01\/03: Jos\u00e9 \u00c2ngelo e Vit\u00f3ria fica presos no elevador"},"content":{"rendered":"<p> <img loading=\"lazy\" decoding=\"async\" src=\"https:\/\/migracao.redenoticia.com.br\/noticia\/imagens\/amores-verdadeiros-resumo-elenco.jpg\" alt=\"\" width=\"1280\" height=\"720\" class=\"aligncenter size-full wp-image-203224\" srcset=\"https:\/\/migracao.redenoticia.com.br\/noticia\/imagens\/amores-verdadeiros-resumo-elenco.jpg 1280w, https:\/\/migracao.redenoticia.com.br\/noticia\/imagens\/amores-verdadeiros-resumo-elenco-250x140.jpg 250w, https:\/\/migracao.redenoticia.com.br\/noticia\/imagens\/amores-verdadeiros-resumo-elenco-400x225.jpg 400w, https:\/\/migracao.redenoticia.com.br\/noticia\/imagens\/amores-verdadeiros-resumo-elenco-768x432.jpg 768w, https:\/\/migracao.redenoticia.com.br\/noticia\/imagens\/amores-verdadeiros-resumo-elenco-150x85.jpg 150w\" sizes=\"auto, (max-width: 1280px) 100vw, 1280px\" \/><\/p>\n<p><strong><em>Resumo da novela &#8220;Amores Verdadeiros&#8221;<\/em><\/strong> em 01\/03: no cap\u00edtulo 016(*) da novela, depois de levar o filho \u00e0 escola e fazer as compras do mercado, Beatriz volta para sua casa, onde o marido come\u00e7a a destruir seu amor-pr\u00f3prio e sua mente s\u00e3, e diz a ela que n\u00e3o gosta que ela saia de casa sem sua permiss\u00e3o, e que vai pedir para sua m\u00e3e fazer as compras a partir de agora. Ele diz estar farto de Beatriz e a questiona o por que ela querer trabalhar se n\u00e3o consegue nem cuidar do pr\u00f3prio marido, que \u00e9 sua principal obriga\u00e7\u00e3o. L\u00e9o, volta a bater em Beatriz.<\/p>\n<p>Na ag\u00eancia, Nelson e Salviano falam sobre Kendra. Salviano comenta que j\u00e1 viu o patr\u00e3o tendo casos com mulheres, muitas vezes, e ele sempre se certificou de que sua vida amorosa n\u00e3o interferisse em sua vida familiar. Ele investigou Kendra, e ela \u00e9 o tipo de mulher que n\u00e3o se contenta com flores e presentes. Ela quer tudo, ela n\u00e3o vai parar at\u00e9 que se torne a esposa dele. Hilda e Paula falam sobre Candel\u00e1ria e sua filha. Paula admite que gosta de Cristina e, se ela n\u00e3o fosse quem \u00e9, poderiam se tornar amigas. Mas ela \u00e9 sua inimiga, diz Hilda, nunca se esque\u00e7a disso.<\/p>\n<p>An\u00edbal e Odette se encontram na Ag\u00eancia. Eles s\u00e3o muito amig\u00e1veis um com o outro. Ela o parabeniza pelo sucesso da empresa, mas ele informa que todos os cr\u00e9ditos v\u00e3o para Vit\u00f3ria. Neste instante Vit\u00f3ria entra com Jos\u00e9 Angelo. Os funcion\u00e1rios observam as duas mulheres enquanto elas se beijam amigavelmente e v\u00e3o para a sala de Vit\u00f3ria. Enquanto isso, Hilda diz a Jos\u00e9 Angelo que Odette \u00e9 a arqui inimiga das Balvaneras!<\/p>\n<p>Odette quer uma fus\u00e3o entre a Meta Imagem e sua empresa, mas Vit\u00f3ria n\u00e3o est\u00e1 interessada. De forma alguma. Odette se ofende com sua recusa e a lembra de uma hist\u00f3ria muito antiga: h\u00e1 muitos, muitos anos as duas empresas quase se uniram, mas An\u00edbal ofendeu-se com sua confian\u00e7a e roubou seus clientes mais importantes. Vit\u00f3ria acha que sua vers\u00e3o da hist\u00f3ria \u00e9 um grande equ\u00edvoco. De qualquer forma, h\u00e1 um contrato muito importante que as duas empresas disputam e Odette diz que devem se reunir \u00e0 tarde para comemorar o sucesso de quem o ganhou. Vit\u00f3ria concorda. Enquanto Vit\u00f3ria est\u00e1 fora de vista, Odette liga para algu\u00e9m e diz que n\u00e3o h\u00e1 tr\u00e9gua e que o plano original continua.<\/p>\n<p>Tom\u00e1sia repreende Poliana, que \u00e9 t\u00e3o curiosa que \u00e0s vezes l\u00ea documentos particulares das Balvaneras. Nikki e Francisco chegam \u00e0 academia e encontram Liliana na piscina. Nikki fica indignada ao notar que Lili se atreveu a entrar na academia. Ant\u00f4nio e An\u00edbal conversam sobre Paula e suas filhas, e o velho fica muito nost\u00e1lgico quando lembra da Candel\u00e1ria. Ele n\u00e3o consegue parar de pensar nela e n\u00e3o consegue entender por que ela desapareceu sem deixar vest\u00edgios h\u00e1 38 anos. E quanto a Paula, ele espera que ela n\u00e3o o force a escolher entre ela e Vit\u00f3ria &#8230; porque ele nunca, jamais, colocaria em risco seu relacionamento com Vit\u00f3ria e sua neta.<\/p>\n<p>Lili diz a Francisco que Vit\u00f3ria a admitiu no clube porque sabia que adorava nadar. Quando ela sai com o treinador, ela se choca com a irritada Nikki. Adriana procura uma mulher chamada Opalina. Foi ela quem disse que sua filha estava viva, e agora Adriana tem certeza de que vai ajud\u00e1-la a encontr\u00e1-la. Na piscina, as meninas competem entre si, Nikki vence e come\u00e7a a insultar a camponesa.<\/p>\n<p>Nelson e Vit\u00f3ria est\u00e3o falando sobre o contrato, Odette e seus planos tortuosos, quando Nelson, de repente, solta uma bomba: &#8220;Eu te amo, Vit\u00f3ria\u201d. Eles se beijam, mas s\u00e3o interrompidos por Jos\u00e9 Angelo. Vit\u00f3ria e Jos\u00e9 Angelo v\u00e3o embora. Nelson est\u00e1 muito impressionado consigo mesmo: \u201c\u00e9 t\u00e3o f\u00e1cil bancar o marido perfeito\u201d.<\/p>\n<p>Vit\u00f3ria e Jos\u00e9 Angelo chegam a um grande centro de neg\u00f3cios onde ela deveria assinar o contrato extremamente importante com o parceiro franc\u00eas. \u201cEles t\u00eam que ser muito pontuais\u201d, diz Vit\u00f3ria, ao entrar no elevador. De repente, dois estranhos aparecem. Um deles p\u00e1ra o elevador. Jos\u00e9 \u00c2ngelo tenta pedir ajuda, mas ningu\u00e9m responde e os telefones tamb\u00e9m n\u00e3o t\u00eam sinal. A situa\u00e7\u00e3o piora quando Vit\u00f3ria admite ter claustrofobia e desmaia nos bra\u00e7os de Jos\u00e9 Angelo.<\/p>\n<p>O bandido do por\u00e3o liga para Odette, para informar que Vit\u00f3ria est\u00e1 presa no elevador. Ela diz ao bandido para manter Vit\u00f3ria no elevador at\u00e9 que os parceiros franceses saiam. Enquanto isso, os franceses est\u00e3o cada vez mais impacientes. Nikki diz a Gusm\u00e3o que ele n\u00e3o deve pensar que ela \u00e9 uma garota horr\u00edvel. Ela diz que a filha de Jos\u00e9 Angelo, Mariana&#8230; Gusm\u00e3o a corrige e informa que o nome da garota \u00e9 Liliana. Nikki continua: \u201ctudo bem, Liliana, Mariana, Tatiana, enfim, ent\u00e3o ela foi muito grosseira.&#8221; Nikki admite ter momentos de mau humor. Jean Marie traz um pouco de comida e Nikki pede a Gusm\u00e3o que se junte a ela. Nikki continua a falar que Rosana \u00e9 mal educada.<\/p>\n<p>Francisco diz que o nome dela \u00e9 Liliana. \u201cRosana, Mariana, Hilda, tanto faz! A garota do campo nunca deveria ter competido porque sou uma nadadora muito melhor\u201d. Gusm\u00e3o lembra a Nikki que foi ela quem come\u00e7ou a competir com Liliana, ao que Nikki reage com um aborrecimento: \u201cTudo bem, fim do recreio, gorila, agora vamos para a ag\u00eancia!\u201d<\/p>\n<p>Salviano e Kendra se encontram na garagem. Ele est\u00e1 com ci\u00fames, como sempre, e Kendra brinca com ele. Ela conta que conversou com os caras que queimaram a casa de Jos\u00e9 \u00c2ngelo e que eles querem muito sequestrar Vit\u00f3ria: \u201cPor favor, diga sim e Vit\u00f3ria estar\u00e1 fora de cogita\u00e7\u00e3o em quatro dias\u201d. No elevador, Vit\u00f3ria finalmente acorda. Angelo a abra\u00e7a e tenta acalm\u00e1-la. Seus l\u00e1bios ficam bem pr\u00f3ximos.<\/p>\n<p>(*) edi\u00e7\u00e3o das novelas do SBT, &#8220;Amores Verdadeiros&#8221;, sujeito a altera\u00e7\u00e3o de data e conte\u00fado.<\/p>\n<p>Sinopse &#8220;Amores Verdadeiros&#8221;: Vit\u00f3ria Balvanera \u00e9 diretora de cria\u00e7\u00e3o da Meta Imagem Internacional, a mais importante ag\u00eancia de publicidade do pa\u00eds. O seu sucesso a tornou alvo de criminosos e \u00e9 durante um destes ataques que conhece Jos\u00e9 \u00c1ngelo, um simples campon\u00eas. Quando Jos\u00e9 \u00c2ngelo vai \u00e0 fazenda para pedir um emprego como capataz, um grupo de criminosos invade a propriedade para sequestrar Vit\u00f3ria. Gra\u00e7as ao seu treinamento de Aikido, ele evita o sequestro e salva Vit\u00f3ria, assim um encontro \u00fanico e emocionante surge entre eles. <\/p>\n","protected":false},"excerpt":{"rendered":"<p>Resumo da novela &#8220;Amores Verdadeiros&#8221; em 01\/03: no cap\u00edtulo 016(*) da novela, depois de levar o filho \u00e0 escola e fazer as compras do mercado, Beatriz volta para sua casa, onde o marido come\u00e7a a destruir seu amor-pr\u00f3prio e sua mente s\u00e3, e diz a ela que n\u00e3o gosta que ela saia de casa sem [&hellip;]<\/p>\n","protected":false},"author":2,"featured_media":203226,"comment_status":"closed","ping_status":"closed","sticky":false,"template":"","format":"standard","meta":{"tdm_status":"","tdm_grid_status":"","footnotes":""},"categories":[2189,379,2025,372,343],"tags":[441],"class_list":{"0":"post-203843","1":"post","2":"type-post","3":"status-publish","4":"format-standard","5":"has-post-thumbnail","7":"category-amores-verdadeiros","8":"category-novelas","9":"category-resumo","10":"category-sbt","11":"category-televisao","12":"tag-resumo-do-dia"},"_links":{"self":[{"href":"https:\/\/migracao.redenoticia.com.br\/noticia\/wp-json\/wp\/v2\/posts\/203843","targetHints":{"allow":["GET"]}}],"collection":[{"href":"https:\/\/migracao.redenoticia.com.br\/noticia\/wp-json\/wp\/v2\/posts"}],"about":[{"href":"https:\/\/migracao.redenoticia.com.br\/noticia\/wp-json\/wp\/v2\/types\/post"}],"author":[{"embeddable":true,"href":"https:\/\/migracao.redenoticia.com.br\/noticia\/wp-json\/wp\/v2\/users\/2"}],"replies":[{"embeddable":true,"href":"https:\/\/migracao.redenoticia.com.br\/noticia\/wp-json\/wp\/v2\/comments?post=203843"}],"version-history":[{"count":0,"href":"https:\/\/migracao.redenoticia.com.br\/noticia\/wp-json\/wp\/v2\/posts\/203843\/revisions"}],"wp:featuredmedia":[{"embeddable":true,"href":"https:\/\/migracao.redenoticia.com.br\/noticia\/wp-json\/wp\/v2\/media\/203226"}],"wp:attachment":[{"href":"https:\/\/migracao.redenoticia.com.br\/noticia\/wp-json\/wp\/v2\/media?parent=203843"}],"wp:term":[{"taxonomy":"category","embeddable":true,"href":"https:\/\/migracao.redenoticia.com.br\/noticia\/wp-json\/wp\/v2\/categories?post=203843"},{"taxonomy":"post_tag","embeddable":true,"href":"https:\/\/migracao.redenoticia.com.br\/noticia\/wp-json\/wp\/v2\/tags?post=203843"}],"curies":[{"name":"wp","href":"https:\/\/api.w.org\/{rel}","templated":true}]}}