{"id":203890,"date":"2021-03-02T12:22:22","date_gmt":"2021-03-02T15:22:22","guid":{"rendered":"https:\/\/www.redenoticia.com.br\/noticia\/?p=203890"},"modified":"2021-03-02T12:22:22","modified_gmt":"2021-03-02T15:22:22","slug":"resumo-amores-verdadeiros-03-03-nikki-e-kendra-sao-sequestradas","status":"publish","type":"post","link":"https:\/\/migracao.redenoticia.com.br\/noticia\/2021\/resumo-amores-verdadeiros-03-03-nikki-e-kendra-sao-sequestradas\/203890","title":{"rendered":"Resumo &#8220;Amores Verdadeiros&#8221; 03\/03: Nikki e Kendra s\u00e3o sequestradas"},"content":{"rendered":"<p><img loading=\"lazy\" decoding=\"async\" src=\"https:\/\/migracao.redenoticia.com.br\/noticia\/imagens\/amores-verdadeiros-resumo-elenco.jpg\" alt=\"\" width=\"1280\" height=\"720\" class=\"aligncenter size-full wp-image-203224\" srcset=\"https:\/\/migracao.redenoticia.com.br\/noticia\/imagens\/amores-verdadeiros-resumo-elenco.jpg 1280w, https:\/\/migracao.redenoticia.com.br\/noticia\/imagens\/amores-verdadeiros-resumo-elenco-250x140.jpg 250w, https:\/\/migracao.redenoticia.com.br\/noticia\/imagens\/amores-verdadeiros-resumo-elenco-400x225.jpg 400w, https:\/\/migracao.redenoticia.com.br\/noticia\/imagens\/amores-verdadeiros-resumo-elenco-768x432.jpg 768w, https:\/\/migracao.redenoticia.com.br\/noticia\/imagens\/amores-verdadeiros-resumo-elenco-150x85.jpg 150w\" sizes=\"auto, (max-width: 1280px) 100vw, 1280px\" \/><\/p>\n<p><strong><em>Resumo da novela &#8220;Amores Verdadeiros&#8221;<\/em><\/strong> em 03\/03: no cap\u00edtulo 018(*) da novela, Odette diz que a acusa\u00e7\u00e3o \u00e9 muito insolente e difamat\u00f3ria. Sim, ela \u00e9 a \u00fanica que teria se beneficiado com o incidente, mas n\u00e3o \u00e9 como An\u00edbal, que adora roubar clientes de outras pessoas. Aguiar diz: &#8220;S\u00f3 h\u00e1 uma maneira de saber o que aconteceu no centro de neg\u00f3cios.&#8221; Vit\u00f3ria entende: &#8220;Sim, as c\u00e2meras de seguran\u00e7a!&#8221; Odette tem que ir embora. Francisco diz a Felipe que j\u00e1 tem o dinheiro que ele pediu e combinam um encontro. Nikki n\u00e3o lhe d\u00e1 permiss\u00e3o para sair, a menos que ele diga por que e onde quer ir. Tom\u00e1sia descobre que \u00e9 uma quest\u00e3o delicada e oferece-lhe ajuda: &#8220;N\u00e3o se preocupe filho, vou dar esse cheque ao seu pai.&#8221; Depois que ela sai, Poliana diz que Tomasia pode parecer durona, mas ela \u00e9 uma mulher muito gentil.<\/p>\n<p>Em seu carro, Odette manda seus capangas apagarem as imagens do crime. Kendra pensa em Nelson, e no quanto ele se apaixonar\u00e1 por ela. Ent\u00e3o ela manda uma mensagem de texto muito travessa, que ele recebe bem no meio de uma reuni\u00e3o de neg\u00f3cios. Tom\u00e1sia encontra Felipe em uma cafeteria e imediatamente o esclarece sobre seu hor\u00f3scopo chin\u00eas, embora Felipe tente dizer que n\u00e3o se interessa por esse tipo de coisa. Os capangas do bandido a quem ele deve o dinheiro aparecem na cafeteria e ficam muito descontentes ao saberem que Tomasia lhes deu o envelope errado.<\/p>\n<p>Lili ajuda Beatriz e o filho a se instalarem. Leo diz a um amigo que seu maldito cunhado vai pagar pelo que fez. Gusm\u00e3o est\u00e1 ansioso. Jos\u00e9 Angelo e Vit\u00f3ria chegam em casa. Ele pede licen\u00e7a para sair e conferir algo muito importante e pessoal. Por\u00e9m, antes conta a Aguiar que Cristina acolheu sua irm\u00e3 e sobrinho em sua casa. Jos\u00e9 Angelo fica feliz e Francisco aliviado. Kendra chega no local e Angelo diz: &#8220;Eu conhe\u00e7o voc\u00ea, mocinha, ent\u00e3o cuidado.&#8221; Enquanto ela sobe as escadas para encontrar Nikki, Gusm\u00e3o pergunta se ele a conhece. &#8220;H\u00e1 coisas neste trabalho que voc\u00ea n\u00e3o pode comentar&#8221;, diz Angelo, enigmaticamente. Nelson tamb\u00e9m chega em casa com Salviano, e procura por sua esposa. Ela est\u00e1 no quarto de Nikki, diz Aguiar.<\/p>\n<p>Nikki e Vit\u00f3ria discutem sobre Liliana e sua nova associa\u00e7\u00e3o ao clube, quando Kendra aparece. Ela veio dizer a Nikki que um estilista famoso est\u00e1 esperando por elas em sua oficina, e ele vai mostrar sua nova cole\u00e7\u00e3o. As meninas est\u00e3o empolgadas, mas Vit\u00f3ria as informa que Francisco n\u00e3o pode acompanh\u00e1-las, e pede a Kendra que ligue para o estilista e mude o compromisso para o dia seguinte. Nelson entra na sala para cumprimentar suas garotas e leva susto ao ver Kendra. Nelson e Vit\u00f3ria v\u00e3o embora e Kendra diz a Nikki que ser\u00e1 muito dif\u00edcil conseguir um novo encontro com o estilista. Nikki decide fugir de casa.<\/p>\n<p>Na cozinha, Salviano e Jean Marie falam sobre dan\u00e7a. Kendra liga para Salviano e avisa sobre a oportunidade de sequestrar Nikki. Nelson entra na cozinha e ordena que Salviano tire Kendra de sua casa. Ele desliga o telefone e informa a Nelson que seria muito suspeito se eles expulsassem Kendra de sua casa.<\/p>\n<p>Tom\u00e1sia \u00e9 arrastada para o escrit\u00f3rio do agiota. Ela est\u00e1 farta do comportamento dele, especialmente porque o mal-entendido poderia ter se resolvido facilmente, com um telefonema. O bandido est\u00e1 impressionado e d\u00e1 a ela o telefone. Tom\u00e1sia liga para Poliana, repreende-a por mexer nos envelopes e manda que leve o envelope certo no endere\u00e7o certo. Beatriz diz ao filho: \u201cN\u00e3o vamos voltar para a casa do papai, mas n\u00e3o se preocupe, voc\u00ea n\u00e3o vai se separar dele. Ele te ama muito\u201d. Cristina e Lili perguntam sobre os av\u00f3s e Beatriz informa que o pai mora na capital e a m\u00e3e morreu, segundo Francisco.<\/p>\n<p>Paula chega no apartamento de Cristina mas, felizmente, Hilda informa que Beatriz est\u00e1 hospedada no local. Ela vai embora. Francisco chega e tenta ajudar Lili a consertar a cortina do seu quarto. Lili come\u00e7a a rir. Enquanto Aguiar, Zambrano e Salviano est\u00e3o na cozinha, Nikki consegue fugir de casa, escondendo-se no carro de Kendra. Cinco minutos depois, Vit\u00f3ria bate na porta da filha, mas o quarto est\u00e1 escuro e vazio. Os capangas armados de Salviano param o carro de Kendra e sequestram as mulheres.<\/p>\n<p>(*) edi\u00e7\u00e3o das novelas do SBT, &#8220;Amores Verdadeiros&#8221;, sujeito a altera\u00e7\u00e3o de data e conte\u00fado.<\/p>\n<p>Sinopse &#8220;Amores Verdadeiros&#8221;: Vit\u00f3ria Balvanera \u00e9 diretora de cria\u00e7\u00e3o da Meta Imagem Internacional, a mais importante ag\u00eancia de publicidade do pa\u00eds. O seu sucesso a tornou alvo de criminosos e \u00e9 durante um destes ataques que conhece Jos\u00e9 \u00c1ngelo, um simples campon\u00eas. Quando Jos\u00e9 \u00c2ngelo vai \u00e0 fazenda para pedir um emprego como capataz, um grupo de criminosos invade a propriedade para sequestrar Vit\u00f3ria. Gra\u00e7as ao seu treinamento de Aikido, ele evita o sequestro e salva Vit\u00f3ria, assim um encontro \u00fanico e emocionante surge entre eles. <\/p>\n","protected":false},"excerpt":{"rendered":"<p>Resumo da novela &#8220;Amores Verdadeiros&#8221; em 03\/03: no cap\u00edtulo 018(*) da novela, Odette diz que a acusa\u00e7\u00e3o \u00e9 muito insolente e difamat\u00f3ria. Sim, ela \u00e9 a \u00fanica que teria se beneficiado com o incidente, mas n\u00e3o \u00e9 como An\u00edbal, que adora roubar clientes de outras pessoas. Aguiar diz: &#8220;S\u00f3 h\u00e1 uma maneira de saber o [&hellip;]<\/p>\n","protected":false},"author":4,"featured_media":203226,"comment_status":"closed","ping_status":"closed","sticky":false,"template":"","format":"standard","meta":{"tdm_status":"","tdm_grid_status":"","footnotes":""},"categories":[2189,379,2025,372,343],"tags":[441],"class_list":{"0":"post-203890","1":"post","2":"type-post","3":"status-publish","4":"format-standard","5":"has-post-thumbnail","7":"category-amores-verdadeiros","8":"category-novelas","9":"category-resumo","10":"category-sbt","11":"category-televisao","12":"tag-resumo-do-dia"},"_links":{"self":[{"href":"https:\/\/migracao.redenoticia.com.br\/noticia\/wp-json\/wp\/v2\/posts\/203890","targetHints":{"allow":["GET"]}}],"collection":[{"href":"https:\/\/migracao.redenoticia.com.br\/noticia\/wp-json\/wp\/v2\/posts"}],"about":[{"href":"https:\/\/migracao.redenoticia.com.br\/noticia\/wp-json\/wp\/v2\/types\/post"}],"author":[{"embeddable":true,"href":"https:\/\/migracao.redenoticia.com.br\/noticia\/wp-json\/wp\/v2\/users\/4"}],"replies":[{"embeddable":true,"href":"https:\/\/migracao.redenoticia.com.br\/noticia\/wp-json\/wp\/v2\/comments?post=203890"}],"version-history":[{"count":0,"href":"https:\/\/migracao.redenoticia.com.br\/noticia\/wp-json\/wp\/v2\/posts\/203890\/revisions"}],"wp:featuredmedia":[{"embeddable":true,"href":"https:\/\/migracao.redenoticia.com.br\/noticia\/wp-json\/wp\/v2\/media\/203226"}],"wp:attachment":[{"href":"https:\/\/migracao.redenoticia.com.br\/noticia\/wp-json\/wp\/v2\/media?parent=203890"}],"wp:term":[{"taxonomy":"category","embeddable":true,"href":"https:\/\/migracao.redenoticia.com.br\/noticia\/wp-json\/wp\/v2\/categories?post=203890"},{"taxonomy":"post_tag","embeddable":true,"href":"https:\/\/migracao.redenoticia.com.br\/noticia\/wp-json\/wp\/v2\/tags?post=203890"}],"curies":[{"name":"wp","href":"https:\/\/api.w.org\/{rel}","templated":true}]}}