{"id":203935,"date":"2021-03-03T10:57:20","date_gmt":"2021-03-03T13:57:20","guid":{"rendered":"https:\/\/www.redenoticia.com.br\/noticia\/?p=203935"},"modified":"2021-03-03T10:57:20","modified_gmt":"2021-03-03T13:57:20","slug":"a-vida-da-gente-o-amor-por-julia-muda-o-rumo-da-historia","status":"publish","type":"post","link":"https:\/\/migracao.redenoticia.com.br\/noticia\/2021\/a-vida-da-gente-o-amor-por-julia-muda-o-rumo-da-historia\/203935","title":{"rendered":"A Vida da Gente: o amor por J\u00falia muda o rumo da hist\u00f3ria"},"content":{"rendered":"<p><img loading=\"lazy\" decoding=\"async\" class=\"aligncenter size-full wp-image-203502\" src=\"https:\/\/migracao.redenoticia.com.br\/noticia\/imagens\/a-vida-da-gente-elenco-logo.jpg\" alt=\"\" width=\"1280\" height=\"720\" srcset=\"https:\/\/migracao.redenoticia.com.br\/noticia\/imagens\/a-vida-da-gente-elenco-logo.jpg 1280w, https:\/\/migracao.redenoticia.com.br\/noticia\/imagens\/a-vida-da-gente-elenco-logo-250x140.jpg 250w, https:\/\/migracao.redenoticia.com.br\/noticia\/imagens\/a-vida-da-gente-elenco-logo-400x225.jpg 400w, https:\/\/migracao.redenoticia.com.br\/noticia\/imagens\/a-vida-da-gente-elenco-logo-768x432.jpg 768w, https:\/\/migracao.redenoticia.com.br\/noticia\/imagens\/a-vida-da-gente-elenco-logo-150x85.jpg 150w\" sizes=\"auto, (max-width: 1280px) 100vw, 1280px\" \/><\/p>\n<p>A Vida da Gente: Na trama da novela das seis na Globo, Ana (Fernanda Vasconcellos) e Rodrigo (Rafael Cardoso), que foram criados juntos, se apaixonam. Tanto Eva (Ana Beatriz Nogueira), m\u00e3e de Ana, quanto Jonas (Paulo Betti), pai de Rodrigo, n\u00e3o aprovam o relacionamento do jovem casal por conta do lit\u00edgio judicial que est\u00e3o enfrentando desde que resolveram se separar. Eva, lesada financeiramente pelo ex-marido, e a treinadora da jovem, Vit\u00f3ria (Gisele Fr\u00f3es), decidem que a tenista deve passar um tempo fora do Brasil e assim esconder a gravidez, inclusive de Rodrigo. Desta forma, acreditam que Ana pode voltar \u00e0s quadras posteriormente e manter seus valiosos contratos publicit\u00e1rios. A desculpa para o afastamento da tenista \u00e9 uma les\u00e3o grave no cotovelo, muito comum entre os esportistas desta modalidade.<\/p>\n<h4>Entenda melhor A Vida da Gente:<\/h4>\n<p>Dois jovens, criados como irm\u00e3os, se apaixonam perdidamente, tendo de enfrentar a contrariedade de seus pais. Ana (Fernanda Vasconcellos) e Rodrigo (Rafael Cardoso) s\u00e3o filhos, respectivamente, de Eva (Ana Beatriz Nogueira) e Jonas (Paulo Betti), que, casados, criam juntos seus filhos de outras rela\u00e7\u00f5es. Ana tem uma irm\u00e3, Manuela (Marjorie Estiano), preterida por sua m\u00e3e. Pelas circunst\u00e2ncias, Jonas e Eva s\u00e3o contra o romance dos filhos, que passam a se encontrar em segredo. Mas a rela\u00e7\u00e3o n\u00e3o resiste por muito tempo \u00e0s interfer\u00eancias de seus pais, e os dois acabam se separando. Um m\u00eas depois, Ana descobre estar gr\u00e1vida. Antes de dar a not\u00edcia a Rodrigo, ela acaba aceitando o plano de sua m\u00e3e: esconder a gravidez. No fundo, Eva teme que, com a chegada do beb\u00ea, sua filha tenha de abandonar a promissora carreira de tenista. Ana \u00e9 quem garante o sustento da fam\u00edlia por meio de contratos publicit\u00e1rios.<\/p>\n<p>Eva \u2013 com a ajuda de Vit\u00f3ria (Gisele Fr\u00f3es), treinadora de sua filha \u2013 engendra um plano. Com a desculpa de uma les\u00e3o grave no cotovelo, as duas fariam uma longa viagem para a Argentina \u2013 per\u00edodo suficiente para a gesta\u00e7\u00e3o e o nascimento do beb\u00ea. Ao nascer, a crian\u00e7a seria entregue \u00e0 ado\u00e7\u00e3o. Diante de uma m\u00e3e manipuladora e uma treinadora autorit\u00e1ria, Ana concorda com o plano e embarca para a Argentina. Mas, ap\u00f3s dar \u00e0 luz, se recusa a entregar o beb\u00ea. E a solu\u00e7\u00e3o encontrada por Eva \u00e9 registrar a neta como se fosse sua filha, fruto de um caso fortuito que tivera durante a estadia no exterior.<\/p>\n<h4>Uma trag\u00e9dia reescreve a hist\u00f3ria de A Vida da Gente<\/h4>\n<p>Ao retornar ao Brasil, Ana retoma sua carreira de tenista como se nada tivesse acontecido. Mas seus conflitos com Eva se acirram, principalmente por discordarem a respeito da cria\u00e7\u00e3o da pequena J\u00falia (Jesuela Moro). Exasperadas com a tirania da m\u00e3e, Ana e a irm\u00e3 Manuela decidem ir morar com a av\u00f3, a doce In\u00e1 (Nicette Bruno), em Gramado, onde pretendem criar a menina.<\/p>\n<p>Um acidente, no entanto, muda o destino da fam\u00edlia. O carro no qual as tr\u00eas viajavam capota e afunda em um rio. Manu consegue se salvar, trazendo consigo a sobrinha. Mas Ana, socorrida algum tempo depois, entra em um coma profundo e, segundo os m\u00e9dicos, talvez irrevers\u00edvel.<\/p>\n<p>Ao ver Rodrigo arrasado com a situa\u00e7\u00e3o de Ana, Manu revela ao rapaz o que ele j\u00e1 desconfiava \u2013 J\u00falia \u00e9, na verdade, filha dele com a tenista. Rodrigo entra na justi\u00e7a e, ap\u00f3s o teste de DNA, consegue a guarda da menina. Eva, que j\u00e1 culpava Manuela pelo acidente de Ana, se revolta ainda mais com a filha por t\u00ea-la denunciado a Rodrigo e a expulsa de casa. Jonas, pai autorit\u00e1rio, tamb\u00e9m n\u00e3o apoia a decis\u00e3o do filho.<\/p>\n<p>Sem dinheiro ou perspectiva profissional, Rodrigo busca ref\u00fagio na casa de In\u00e1, onde Manuela tamb\u00e9m est\u00e1 morando. L\u00e1, os dois jovens dividem os cuidados com J\u00falia que, naturalmente, passa a ter em Manu sua refer\u00eancia materna. E, da conviv\u00eancia e do apoio m\u00fatuo entre eles, nasce um forte sentimento. Percebendo o que est\u00e1 acontecendo, In\u00e1 d\u00e1 for\u00e7a para que a neta invista em um relacionamento com Rodrigo.<\/p>\n<p>Enquanto isso, Eva n\u00e3o sai do lado de Ana, controlando e vivendo a vida da filha como sempre fizera antes do acidente. Seu comportamento obsessivo chega a preocupar m\u00e9dicos e enfermeiros do hospital onde a tenista est\u00e1 internada, principalmente L\u00facio (Thiago Lacerda), neurocirurgi\u00e3o respons\u00e1vel por Ana.<\/p>\n<h4>\u201cQuatro anos se passam\u2026\u201d<\/h4>\n<p>H\u00e1 uma passagem de tempo de quatro anos na hist\u00f3ria. Manu e Rodrigo, agora casados, formam uma fam\u00edlia feliz ao lado de J\u00falia. Al\u00e9m disso, os dois prosperaram. Ela abriu um pequeno e bem-sucedido neg\u00f3cio de doces e bolos para festas. E ele se formou em arquitetura. Durante esses anos, Manuela fez quest\u00e3o de escrever um blog dedicado \u00e0 irm\u00e3, onde relatava, carinhosamente, os progressos de J\u00falia e a vida da fam\u00edlia.<\/p>\n<p>Tudo parece se encaminhar, at\u00e9 que, contrariando as expectativas m\u00e9dicas, Ana desperta de seu coma, provocando outra reviravolta na trama. Ignorando as orienta\u00e7\u00f5es de L\u00facio, Eva se antecipa e, sem medir palavras, revela \u00e0 tenista o que acontecera durante o longo per\u00edodo em que esteve desacordada. Impiedosa, ela diz que Manuela apropriou-se da vida da irm\u00e3, tomando para si seu namorado e sua filha. Ana, confusa, se recusa a acreditar, mas Manu confirma a hist\u00f3ria contada pela m\u00e3e. E, sentindo-se culpada, prop\u00f5e se afastar de Rodrigo.<\/p>\n<p>Ana fica com raiva com o que acredita ter sido uma trai\u00e7\u00e3o de sua irm\u00e3, e elas acabam brigando. Mas, a rela\u00e7\u00e3o de carinho e cumplicidade que sempre existira entre as duas fala mais alto. E, ap\u00f3s ler o blog escrito por Manu, a tenista volta atr\u00e1s e faz as pazes com a irm\u00e3.<\/p>\n<p>Para tranquilizar Manuela, Ana diz que o que houve entre ela e Rodrigo faz parte do passado e confessa estar interessada em L\u00facio, seu m\u00e9dico, com quem descobriu ter muitas afinidades. Manu n\u00e3o se convence, mas retoma sua vida com Rodrigo, que tamb\u00e9m n\u00e3o sabe como administrar o amor que ainda sente por Ana. A tenista, por sua vez, inicia um relacionamento com o neurocirurgi\u00e3o.<\/p>\n<h4>Entre idas e vindas, o amor vence em A Vida da Gente<\/h4>\n<p>Paralelamente \u00e0s quest\u00f5es amorosas que envolvem as duas irm\u00e3s, Ana tenta se reaproximar da filha. E \u00e9 justamente em uma de suas visitas \u00e0 J\u00falia, que ela e Rodrigo se beijam, reacendendo um sentimento que estava adormecido. A partir de ent\u00e3o, os dois passam a se encontrar escondidos.<\/p>\n<p>Quando descobre o que est\u00e1 acontecendo, gra\u00e7as \u00e0s intrigas de Eva, Manu n\u00e3o perdoa a trai\u00e7\u00e3o da irm\u00e3. Ela se separa de Rodrigo e, indiferente aos pedidos de desculpas de Ana, se muda para Florian\u00f3polis. L\u00facio, ao perceber que Ana ainda est\u00e1 envolvida com Rodrigo, tamb\u00e9m rompe com a namorada.<\/p>\n<p>Com isso, Ana e Rodrigo assumem o que sentem um pelo o outro e passam a viver juntos. Mas J\u00falia, triste com a partida de sua \u201cm\u00e3e\u201d, come\u00e7a a rejeitar a tenista abertamente, al\u00e9m de apresentar problemas no col\u00e9gio. Sentindo-se respons\u00e1vel pelo sofrimento da filha e preocupada com seu comportamento, Ana decide terminar sua rela\u00e7\u00e3o com Rodrigo.<\/p>\n<p>Sensibilizada com a situa\u00e7\u00e3o de J\u00falia e atendendo ao apelo de Rodrigo, Manuela concorda em retornar a Porto Alegre, mas n\u00e3o reata seu casamento com o arquiteto. Enquanto isso, Ana e L\u00facio se reaproximam e reiniciam um namoro. J\u00falia toma o m\u00e9dico como seu segundo pai e passa a dividir seu tempo entre seus \u201cpais\u201d e suas \u201cm\u00e3es\u201d.<\/p>\n<p>Os encontros entre os quatro \u2013 Ana, Manu, Rodrigo e L\u00facio \u2013 s\u00e3o espor\u00e1dicos, por\u00e9m tensos. As duas irm\u00e3s, que sempre tiveram uma alian\u00e7a muito forte, passam a se tratar com frieza. \u00c0s v\u00e9speras de seu casamento com L\u00facio, Ana tenta uma reconcilia\u00e7\u00e3o com Manuela, mas a irm\u00e3 \u00e9 irredut\u00edvel. Al\u00e9m de acus\u00e1-la de traidora, diz que ela est\u00e1 usando o m\u00e9dico para expiar sua culpa.<\/p>\n<p>Abalada pelas palavras da irm\u00e3, Ana desiste de se casar com L\u00facio e se afasta de todos, entrando em uma profunda depress\u00e3o. A tenista busca ref\u00fagio, mais uma vez, na casa de sua av\u00f3, In\u00e1.<\/p>\n<p>No final, o amor por J\u00falia faz com que todos se reconciliem. Com hepatite aguda, a menina precisa fazer um transplante de f\u00edgado. E Manu, por ser compat\u00edvel, \u00e9 a doadora. Diante do momento delicado, que mobiliza a fam\u00edlia, as duas irm\u00e3s, finalmente, fazem as pazes. Durante o processo de interna\u00e7\u00e3o da filha, Rodrigo percebe ser Manuela a mulher de sua vida. J\u00e1 Ana encontra em L\u00facio o homem que sempre sonhou ter ao seu lado. Os dois casais criam, juntos, a pequena Julia.<\/p>\n<p>Eva, que passou toda a hist\u00f3ria vivendo a vida de Ana, por quem nunca escondeu sua prefer\u00eancia, termina sozinha, afastada das filhas, da m\u00e3e e da neta.<\/p>\n","protected":false},"excerpt":{"rendered":"<p>A Vida da Gente: Na trama da novela das seis na Globo, Ana (Fernanda Vasconcellos) e Rodrigo (Rafael Cardoso), que foram criados juntos, se apaixonam. Tanto Eva (Ana Beatriz Nogueira), m\u00e3e de Ana, quanto Jonas (Paulo Betti), pai de Rodrigo, n\u00e3o aprovam o relacionamento do jovem casal por conta do lit\u00edgio judicial que est\u00e3o enfrentando [&hellip;]<\/p>\n","protected":false},"author":2,"featured_media":203500,"comment_status":"closed","ping_status":"closed","sticky":false,"template":"","format":"standard","meta":{"tdm_status":"","tdm_grid_status":"","footnotes":""},"categories":[2190,379,375,343],"tags":[440],"class_list":{"0":"post-203935","1":"post","2":"type-post","3":"status-publish","4":"format-standard","5":"has-post-thumbnail","7":"category-a-vida-da-gente","8":"category-novelas","9":"category-rede-globo","10":"category-televisao","11":"tag-noticia-novela"},"_links":{"self":[{"href":"https:\/\/migracao.redenoticia.com.br\/noticia\/wp-json\/wp\/v2\/posts\/203935","targetHints":{"allow":["GET"]}}],"collection":[{"href":"https:\/\/migracao.redenoticia.com.br\/noticia\/wp-json\/wp\/v2\/posts"}],"about":[{"href":"https:\/\/migracao.redenoticia.com.br\/noticia\/wp-json\/wp\/v2\/types\/post"}],"author":[{"embeddable":true,"href":"https:\/\/migracao.redenoticia.com.br\/noticia\/wp-json\/wp\/v2\/users\/2"}],"replies":[{"embeddable":true,"href":"https:\/\/migracao.redenoticia.com.br\/noticia\/wp-json\/wp\/v2\/comments?post=203935"}],"version-history":[{"count":0,"href":"https:\/\/migracao.redenoticia.com.br\/noticia\/wp-json\/wp\/v2\/posts\/203935\/revisions"}],"wp:featuredmedia":[{"embeddable":true,"href":"https:\/\/migracao.redenoticia.com.br\/noticia\/wp-json\/wp\/v2\/media\/203500"}],"wp:attachment":[{"href":"https:\/\/migracao.redenoticia.com.br\/noticia\/wp-json\/wp\/v2\/media?parent=203935"}],"wp:term":[{"taxonomy":"category","embeddable":true,"href":"https:\/\/migracao.redenoticia.com.br\/noticia\/wp-json\/wp\/v2\/categories?post=203935"},{"taxonomy":"post_tag","embeddable":true,"href":"https:\/\/migracao.redenoticia.com.br\/noticia\/wp-json\/wp\/v2\/tags?post=203935"}],"curies":[{"name":"wp","href":"https:\/\/api.w.org\/{rel}","templated":true}]}}