{"id":203952,"date":"2021-03-03T11:59:20","date_gmt":"2021-03-03T14:59:20","guid":{"rendered":"https:\/\/www.redenoticia.com.br\/noticia\/?p=203952"},"modified":"2021-03-03T11:59:20","modified_gmt":"2021-03-03T14:59:20","slug":"resumo-chiquititas-04-03-renata-desmascara-mili","status":"publish","type":"post","link":"https:\/\/migracao.redenoticia.com.br\/noticia\/2021\/resumo-chiquititas-04-03-renata-desmascara-mili\/203952","title":{"rendered":"Resumo \u201cChiquititas\u201d 04\/03: Renata desmascara Mili"},"content":{"rendered":"<p><img loading=\"lazy\" decoding=\"async\" class=\"aligncenter size-full wp-image-195897\" src=\"https:\/\/migracao.redenoticia.com.br\/noticia\/imagens\/chiquititas-resumo-sinopse.jpg\" alt=\"\" width=\"1280\" height=\"720\" srcset=\"https:\/\/migracao.redenoticia.com.br\/noticia\/imagens\/chiquititas-resumo-sinopse.jpg 1280w, https:\/\/migracao.redenoticia.com.br\/noticia\/imagens\/chiquititas-resumo-sinopse-250x140.jpg 250w, https:\/\/migracao.redenoticia.com.br\/noticia\/imagens\/chiquititas-resumo-sinopse-400x225.jpg 400w, https:\/\/migracao.redenoticia.com.br\/noticia\/imagens\/chiquititas-resumo-sinopse-768x432.jpg 768w, https:\/\/migracao.redenoticia.com.br\/noticia\/imagens\/chiquititas-resumo-sinopse-150x85.jpg 150w, https:\/\/migracao.redenoticia.com.br\/noticia\/imagens\/chiquititas-resumo-sinopse-696x392.jpg 696w, https:\/\/migracao.redenoticia.com.br\/noticia\/imagens\/chiquititas-resumo-sinopse-1068x601.jpg 1068w\" sizes=\"auto, (max-width: 1280px) 100vw, 1280px\" \/><\/p>\n<p><strong><em>Resumo da novela \u201cChiquititas\u201d<\/em><\/strong> em 04\/03: no cap\u00edtulo 176(*) da novela, Chico segue Matilde, que finge ser Ernestina, at\u00e9 a igreja. Ele pensava que ela mentia sobre a igreja e que na verdade estava indo encontrar um novo namorado. Por\u00e9m, Matilde vai at\u00e9 a igreja tentar se encontrar com o homem que anda lhe chantageando (Miguel). Eduarda e Shirley Santana v\u00e3o at\u00e9 um samba na comunidade. Matilde mente para Miguel e diz que o nome da menina que \u00e9 neta de Jos\u00e9 Ricardo \u00e9 Marian. Trata-se de uma menina que j\u00e1 foi adotada, mas que na verdade n\u00e3o \u00e9 neta de Jos\u00e9 Ricardo.<\/p>\n<p>A m\u00e3e de JP convida A\u00e7ucena e Renata para jantar com a fam\u00edlia do garoto. Renata desmascara Mili na frente de todos ao tirar a peruca dela. No orfanato, Bia assume que foi a culpada pela m\u00e1quina de cheiro ruim. Miguel decide que precisa ir atr\u00e1s de Marian para ter certeza que ela \u00e9 sua filha. JP vai atr\u00e1s de Mili no orfanato para saber o motivo que a levou fingir ser A\u00e7ucena. Mili explica e JP compreende. Na escola, os encrenqueiros dizem que Bia entregou a eles a m\u00e1quina do cheiro ruim. Pata fica brava com Bia.<\/p>\n<p>(*) edi\u00e7\u00e3o das novelas do SBT, \u201cChiquititas\u201d, sujeito a altera\u00e7\u00e3o de data e conte\u00fado.<\/p>\n","protected":false},"excerpt":{"rendered":"<p>Resumo da novela \u201cChiquititas\u201d em 04\/03: no cap\u00edtulo 176(*) da novela, Chico segue Matilde, que finge ser Ernestina, at\u00e9 a igreja. Ele pensava que ela mentia sobre a igreja e que na verdade estava indo encontrar um novo namorado. Por\u00e9m, Matilde vai at\u00e9 a igreja tentar se encontrar com o homem que anda lhe chantageando [&hellip;]<\/p>\n","protected":false},"author":4,"featured_media":195894,"comment_status":"closed","ping_status":"closed","sticky":false,"template":"","format":"standard","meta":{"tdm_status":"","tdm_grid_status":"","footnotes":""},"categories":[409,379,2025,372,343],"tags":[441],"class_list":{"0":"post-203952","1":"post","2":"type-post","3":"status-publish","4":"format-standard","5":"has-post-thumbnail","7":"category-chiquititas","8":"category-novelas","9":"category-resumo","10":"category-sbt","11":"category-televisao","12":"tag-resumo-do-dia"},"_links":{"self":[{"href":"https:\/\/migracao.redenoticia.com.br\/noticia\/wp-json\/wp\/v2\/posts\/203952","targetHints":{"allow":["GET"]}}],"collection":[{"href":"https:\/\/migracao.redenoticia.com.br\/noticia\/wp-json\/wp\/v2\/posts"}],"about":[{"href":"https:\/\/migracao.redenoticia.com.br\/noticia\/wp-json\/wp\/v2\/types\/post"}],"author":[{"embeddable":true,"href":"https:\/\/migracao.redenoticia.com.br\/noticia\/wp-json\/wp\/v2\/users\/4"}],"replies":[{"embeddable":true,"href":"https:\/\/migracao.redenoticia.com.br\/noticia\/wp-json\/wp\/v2\/comments?post=203952"}],"version-history":[{"count":0,"href":"https:\/\/migracao.redenoticia.com.br\/noticia\/wp-json\/wp\/v2\/posts\/203952\/revisions"}],"wp:featuredmedia":[{"embeddable":true,"href":"https:\/\/migracao.redenoticia.com.br\/noticia\/wp-json\/wp\/v2\/media\/195894"}],"wp:attachment":[{"href":"https:\/\/migracao.redenoticia.com.br\/noticia\/wp-json\/wp\/v2\/media?parent=203952"}],"wp:term":[{"taxonomy":"category","embeddable":true,"href":"https:\/\/migracao.redenoticia.com.br\/noticia\/wp-json\/wp\/v2\/categories?post=203952"},{"taxonomy":"post_tag","embeddable":true,"href":"https:\/\/migracao.redenoticia.com.br\/noticia\/wp-json\/wp\/v2\/tags?post=203952"}],"curies":[{"name":"wp","href":"https:\/\/api.w.org\/{rel}","templated":true}]}}