{"id":204162,"date":"2021-03-10T12:10:02","date_gmt":"2021-03-10T15:10:02","guid":{"rendered":"https:\/\/www.redenoticia.com.br\/noticia\/?p=204162"},"modified":"2021-03-10T12:10:02","modified_gmt":"2021-03-10T15:10:02","slug":"resumo-chiquititas-11-03-janu-sabota-as-meninas-do-orfanato","status":"publish","type":"post","link":"https:\/\/migracao.redenoticia.com.br\/noticia\/2021\/resumo-chiquititas-11-03-janu-sabota-as-meninas-do-orfanato\/204162","title":{"rendered":"Resumo \u201cChiquititas\u201d 11\/03: Janu sabota as meninas do orfanato"},"content":{"rendered":"<p><img loading=\"lazy\" decoding=\"async\" class=\"aligncenter size-full wp-image-195897\" src=\"https:\/\/migracao.redenoticia.com.br\/noticia\/imagens\/chiquititas-resumo-sinopse.jpg\" alt=\"\" width=\"1280\" height=\"720\" srcset=\"https:\/\/migracao.redenoticia.com.br\/noticia\/imagens\/chiquititas-resumo-sinopse.jpg 1280w, https:\/\/migracao.redenoticia.com.br\/noticia\/imagens\/chiquititas-resumo-sinopse-250x140.jpg 250w, https:\/\/migracao.redenoticia.com.br\/noticia\/imagens\/chiquititas-resumo-sinopse-400x225.jpg 400w, https:\/\/migracao.redenoticia.com.br\/noticia\/imagens\/chiquititas-resumo-sinopse-768x432.jpg 768w, https:\/\/migracao.redenoticia.com.br\/noticia\/imagens\/chiquititas-resumo-sinopse-150x85.jpg 150w, https:\/\/migracao.redenoticia.com.br\/noticia\/imagens\/chiquititas-resumo-sinopse-696x392.jpg 696w, https:\/\/migracao.redenoticia.com.br\/noticia\/imagens\/chiquititas-resumo-sinopse-1068x601.jpg 1068w\" sizes=\"auto, (max-width: 1280px) 100vw, 1280px\" \/><\/p>\n<p><strong><em>Resumo da novela \u201cChiquititas\u201d<\/em><\/strong> em 11\/03: no cap\u00edtulo 182(*) da novela, Matilde, que finge ser Ernestina, manda os chiquititos limparem o orfanato como forma de castigo. Bel tenta sabotar o vestido de Cris, mas ela aparece e Bel fica em d\u00favida sobre continuar com o plano mal\u00e9fico de Janu. Come\u00e7a a grande final do concurso \u201cGarota Carisma\u201d. Junior vai at\u00e9 o endere\u00e7o do GPS com o carro de Carmen. Janu fica irritada ao ver que o vestido das Chiquititas n\u00e3o est\u00e3o cortados e vai pessoalmente trocar o creme de cabelo delas por gel cola. Come\u00e7a o teste de intelig\u00eancia do concurso e Vivi usa um ponto de comunica\u00e7\u00e3o com Samuca para ajud\u00e1-la a se sair bem.<\/p>\n<p>Na \u00faltima pergunta, Matilde atrapalha Samuca no orfanato e Vivi acaba errando a resposta no palco do concurso. Na fazenda, o casal que salvou Gabi no acidente \u00e9 mantido ref\u00e9m por dois caseiros de Jos\u00e9 Ricardo, por ordem de Carmen. O intuito \u00e9 evitar que Junior descubra a verdade em rela\u00e7\u00e3o ao plano de Carmen, que enviou a mulher sem mem\u00f3ria para fora do Pa\u00eds. Cris passa o gel cola pensando ser creme e seu cabelo fica todo embara\u00e7ado e armado. Com a ajuda de Bia e Vivi, Cris disfar\u00e7a o cabelo e entra no palco para a apresenta\u00e7\u00e3o de talento. Nos bastidores, um bra\u00e7o misterioso coloca o p\u00f3 de coceira no vestido de Bia.<\/p>\n<p>(*) edi\u00e7\u00e3o das novelas do SBT, \u201cChiquititas\u201d, sujeito a altera\u00e7\u00e3o de data e conte\u00fado.<\/p>\n","protected":false},"excerpt":{"rendered":"<p>Resumo da novela \u201cChiquititas\u201d em 11\/03: no cap\u00edtulo 182(*) da novela, Matilde, que finge ser Ernestina, manda os chiquititos limparem o orfanato como forma de castigo. Bel tenta sabotar o vestido de Cris, mas ela aparece e Bel fica em d\u00favida sobre continuar com o plano mal\u00e9fico de Janu. Come\u00e7a a grande final do concurso [&hellip;]<\/p>\n","protected":false},"author":4,"featured_media":195894,"comment_status":"closed","ping_status":"closed","sticky":false,"template":"","format":"standard","meta":{"tdm_status":"","tdm_grid_status":"","footnotes":""},"categories":[409,379,2025,372,343],"tags":[441],"class_list":{"0":"post-204162","1":"post","2":"type-post","3":"status-publish","4":"format-standard","5":"has-post-thumbnail","7":"category-chiquititas","8":"category-novelas","9":"category-resumo","10":"category-sbt","11":"category-televisao","12":"tag-resumo-do-dia"},"_links":{"self":[{"href":"https:\/\/migracao.redenoticia.com.br\/noticia\/wp-json\/wp\/v2\/posts\/204162","targetHints":{"allow":["GET"]}}],"collection":[{"href":"https:\/\/migracao.redenoticia.com.br\/noticia\/wp-json\/wp\/v2\/posts"}],"about":[{"href":"https:\/\/migracao.redenoticia.com.br\/noticia\/wp-json\/wp\/v2\/types\/post"}],"author":[{"embeddable":true,"href":"https:\/\/migracao.redenoticia.com.br\/noticia\/wp-json\/wp\/v2\/users\/4"}],"replies":[{"embeddable":true,"href":"https:\/\/migracao.redenoticia.com.br\/noticia\/wp-json\/wp\/v2\/comments?post=204162"}],"version-history":[{"count":0,"href":"https:\/\/migracao.redenoticia.com.br\/noticia\/wp-json\/wp\/v2\/posts\/204162\/revisions"}],"wp:featuredmedia":[{"embeddable":true,"href":"https:\/\/migracao.redenoticia.com.br\/noticia\/wp-json\/wp\/v2\/media\/195894"}],"wp:attachment":[{"href":"https:\/\/migracao.redenoticia.com.br\/noticia\/wp-json\/wp\/v2\/media?parent=204162"}],"wp:term":[{"taxonomy":"category","embeddable":true,"href":"https:\/\/migracao.redenoticia.com.br\/noticia\/wp-json\/wp\/v2\/categories?post=204162"},{"taxonomy":"post_tag","embeddable":true,"href":"https:\/\/migracao.redenoticia.com.br\/noticia\/wp-json\/wp\/v2\/tags?post=204162"}],"curies":[{"name":"wp","href":"https:\/\/api.w.org\/{rel}","templated":true}]}}