{"id":204379,"date":"2021-03-18T00:17:36","date_gmt":"2021-03-18T03:17:36","guid":{"rendered":"https:\/\/www.redenoticia.com.br\/noticia\/?p=204379"},"modified":"2021-03-18T00:17:36","modified_gmt":"2021-03-18T03:17:36","slug":"resumo-lacos-de-familia-18-03-orlando-promete-apagar-fred-se-capitu-o-abandonar","status":"publish","type":"post","link":"https:\/\/migracao.redenoticia.com.br\/noticia\/2021\/resumo-lacos-de-familia-18-03-orlando-promete-apagar-fred-se-capitu-o-abandonar\/204379","title":{"rendered":"Resumo \u201cLa\u00e7os de Fam\u00edlia\u201d 18\/03: Orlando promete apagar Fred se Capitu o abandonar"},"content":{"rendered":"<p> <img loading=\"lazy\" decoding=\"async\" class=\"aligncenter size-full wp-image-197365\" src=\"https:\/\/migracao.redenoticia.com.br\/noticia\/imagens\/lacos-de-familia-resumo-sinopse-elenco-helena-camila-edu.jpg\" alt=\"\" width=\"1280\" height=\"720\" srcset=\"https:\/\/migracao.redenoticia.com.br\/noticia\/imagens\/lacos-de-familia-resumo-sinopse-elenco-helena-camila-edu.jpg 1280w, https:\/\/migracao.redenoticia.com.br\/noticia\/imagens\/lacos-de-familia-resumo-sinopse-elenco-helena-camila-edu-250x140.jpg 250w, https:\/\/migracao.redenoticia.com.br\/noticia\/imagens\/lacos-de-familia-resumo-sinopse-elenco-helena-camila-edu-400x225.jpg 400w, https:\/\/migracao.redenoticia.com.br\/noticia\/imagens\/lacos-de-familia-resumo-sinopse-elenco-helena-camila-edu-768x432.jpg 768w, https:\/\/migracao.redenoticia.com.br\/noticia\/imagens\/lacos-de-familia-resumo-sinopse-elenco-helena-camila-edu-150x85.jpg 150w\" sizes=\"auto, (max-width: 1280px) 100vw, 1280px\" \/><\/p>\n<p><em><strong>Resumo da novela \u201cLa\u00e7os de Fam\u00edlia\u201d<\/strong><\/em> em 18\/03: no cap\u00edtulo 139(*) da novela, Alma \u00e9 dura com Danilo. Estela e Bento jantam \u00e0 luz de velas. M\u00e1rcia, Yvete e Viriato consolam Ant\u00f4nia. Danilo chora e pede perd\u00e3o, mas Alma permanece inflex\u00edvel. Quando vai embora, chora. M\u00e1rcia n\u00e3o se conforma por Laerte ter preferido voltar para a ex-mulher. Rita tem uma forte dor de cabe\u00e7a. Capitu amea\u00e7a ir para a casa dos pais. Orlando reage prometendo \u201capagar\u201d Fred se ela n\u00e3o ficar boazinha.<\/p>\n<p>Clara e Fred brigam mais uma vez por causa de Capitu. Helena interfere e a nora vira a sua agressividade contra a sogra. Ci\u00e7a organiza volunt\u00e1rios para trabalhar com crian\u00e7as doentes. Miguel faz planos de viajar sozinho. C\u00edntia e Pedro cavalgam juntos. Alma vibra ao saber que Rita ir\u00e1 ter um casal e se angustia ao pensar no futuro dos beb\u00eas. Nasce o beb\u00ea de Liza. Camila fica feliz ao receber a visita de Miguel.<\/p>\n<p>(*) edi\u00e7\u00e3o das novelas da Globo, \u201cLa\u00e7os de Fam\u00edlia\u201d, sujeito a altera\u00e7\u00e3o de data e conte\u00fado.<\/p>\n<p>Sinopse &#8220;La\u00e7os de Fam\u00edlia&#8221;: Helena (Vera Fischer) est\u00e1 a caminho da praia quando seu carro se choca com o do jovem m\u00e9dico Edu (Reynaldo Gianecchini). De in\u00edcio os dois se estranham, mas depois acabam se envolvendo. O acidente acontece em frente \u00e0 livraria Dom Casmurro, de propriedade de Miguel (Tony Ramos), que se encanta imediatamente por ela. Helena \u00e9 m\u00e3e de Camila (Carolina Dieckmann). Com o tempo, Camila descobre que est\u00e1 apaixonada por Edu e que \u00e9 correspondida.<\/p>\n","protected":false},"excerpt":{"rendered":"<p>Resumo da novela \u201cLa\u00e7os de Fam\u00edlia\u201d em 18\/03: no cap\u00edtulo 139(*) da novela, Alma \u00e9 dura com Danilo. Estela e Bento jantam \u00e0 luz de velas. M\u00e1rcia, Yvete e Viriato consolam Ant\u00f4nia. Danilo chora e pede perd\u00e3o, mas Alma permanece inflex\u00edvel. Quando vai embora, chora. M\u00e1rcia n\u00e3o se conforma por Laerte ter preferido voltar para [&hellip;]<\/p>\n","protected":false},"author":2,"featured_media":197366,"comment_status":"closed","ping_status":"closed","sticky":false,"template":"","format":"standard","meta":{"tdm_status":"","tdm_grid_status":"","footnotes":""},"categories":[2061,379,375,2025,343],"tags":[441],"class_list":{"0":"post-204379","1":"post","2":"type-post","3":"status-publish","4":"format-standard","5":"has-post-thumbnail","7":"category-lacos-de-familia","8":"category-novelas","9":"category-rede-globo","10":"category-resumo","11":"category-televisao","12":"tag-resumo-do-dia"},"_links":{"self":[{"href":"https:\/\/migracao.redenoticia.com.br\/noticia\/wp-json\/wp\/v2\/posts\/204379","targetHints":{"allow":["GET"]}}],"collection":[{"href":"https:\/\/migracao.redenoticia.com.br\/noticia\/wp-json\/wp\/v2\/posts"}],"about":[{"href":"https:\/\/migracao.redenoticia.com.br\/noticia\/wp-json\/wp\/v2\/types\/post"}],"author":[{"embeddable":true,"href":"https:\/\/migracao.redenoticia.com.br\/noticia\/wp-json\/wp\/v2\/users\/2"}],"replies":[{"embeddable":true,"href":"https:\/\/migracao.redenoticia.com.br\/noticia\/wp-json\/wp\/v2\/comments?post=204379"}],"version-history":[{"count":0,"href":"https:\/\/migracao.redenoticia.com.br\/noticia\/wp-json\/wp\/v2\/posts\/204379\/revisions"}],"wp:featuredmedia":[{"embeddable":true,"href":"https:\/\/migracao.redenoticia.com.br\/noticia\/wp-json\/wp\/v2\/media\/197366"}],"wp:attachment":[{"href":"https:\/\/migracao.redenoticia.com.br\/noticia\/wp-json\/wp\/v2\/media?parent=204379"}],"wp:term":[{"taxonomy":"category","embeddable":true,"href":"https:\/\/migracao.redenoticia.com.br\/noticia\/wp-json\/wp\/v2\/categories?post=204379"},{"taxonomy":"post_tag","embeddable":true,"href":"https:\/\/migracao.redenoticia.com.br\/noticia\/wp-json\/wp\/v2\/tags?post=204379"}],"curies":[{"name":"wp","href":"https:\/\/api.w.org\/{rel}","templated":true}]}}