{"id":204385,"date":"2021-03-18T00:18:45","date_gmt":"2021-03-18T03:18:45","guid":{"rendered":"https:\/\/www.redenoticia.com.br\/noticia\/?p=204385"},"modified":"2021-03-18T00:18:45","modified_gmt":"2021-03-18T03:18:45","slug":"resumo-a-vida-da-gente-18-03-ana-fica-em-estado-vegetativo","status":"publish","type":"post","link":"https:\/\/migracao.redenoticia.com.br\/noticia\/2021\/resumo-a-vida-da-gente-18-03-ana-fica-em-estado-vegetativo\/204385","title":{"rendered":"Resumo \u201cA Vida da Gente\u201d 18\/03: Ana fica em estado vegetativo"},"content":{"rendered":"<p> <img loading=\"lazy\" decoding=\"async\" src=\"https:\/\/migracao.redenoticia.com.br\/noticia\/imagens\/a-vida-da-gente-elenco-principal.jpg\" alt=\"\" width=\"1280\" height=\"720\" class=\"aligncenter size-full wp-image-203501\" srcset=\"https:\/\/migracao.redenoticia.com.br\/noticia\/imagens\/a-vida-da-gente-elenco-principal.jpg 1280w, https:\/\/migracao.redenoticia.com.br\/noticia\/imagens\/a-vida-da-gente-elenco-principal-250x140.jpg 250w, https:\/\/migracao.redenoticia.com.br\/noticia\/imagens\/a-vida-da-gente-elenco-principal-400x225.jpg 400w, https:\/\/migracao.redenoticia.com.br\/noticia\/imagens\/a-vida-da-gente-elenco-principal-768x432.jpg 768w, https:\/\/migracao.redenoticia.com.br\/noticia\/imagens\/a-vida-da-gente-elenco-principal-150x85.jpg 150w\" sizes=\"auto, (max-width: 1280px) 100vw, 1280px\" \/><\/p>\n<p><em><strong>Resumo da novela \u201cA Vida da Gente\u201d<\/strong><\/em> em 18\/03: no cap\u00edtulo 016(*) da novela, Eva se descontrola com o quadro de Ana descrito por L\u00facio. Alice se desculpa com In\u00e1 por ter emprestado o carro. Come\u00e7a a cirurgia de Ana. Eva culpa Manuela pelo acidente e ela fica inconsol\u00e1vel. Rodrigo pensa na \u00faltima vez que falou com Ana. In\u00e1 tenta acalmar Manuela. C\u00edcero combina de conversar com Alice assim que eles voltarem para casa. Rodrigo e Manuela v\u00e3o ver J\u00falia e descobrem que Celina est\u00e1 cuidando dela. In\u00e1 recrimina Eva por ter acusado Manuela pelo acidente.<\/p>\n<p>Manuela se recusa a contar para Rodrigo o que Ana queria falar com ele. Vit\u00f3ria sai do clube apressada ao saber do acidente de Ana e destrata Dora na frente de Marcos. Uma enfermeira leva Eva para ver J\u00falia, mas ela n\u00e3o d\u00e1 muita aten\u00e7\u00e3o para a neta. Jonas se irrita com o filho por n\u00e3o ter ido \u00e0 empresa. Louren\u00e7o consola Rodrigo. L\u00facio fala para Eva que o estado vegetativo de Ana pode se estender indefinidamente.<\/p>\n<p>(*) edi\u00e7\u00e3o das novelas da Globo, \u201cA Vida da Gente\u201d, sujeito a altera\u00e7\u00e3o de data e conte\u00fado.<\/p>\n<p>Sinopse \u201cA Vida da Gente\u201d: Dois jovens, criados como irm\u00e3os, se apaixonam perdidamente, tendo de enfrentar a contrariedade de seus pais. Ana (Fernanda Vasconcellos) e Rodrigo (Rafael Cardoso) s\u00e3o filhos, respectivamente, de Eva (Ana Beatriz Nogueira) e Jonas (Paulo Betti), que, casados, criam juntos seus filhos de outras rela\u00e7\u00f5es. Ana tem uma irm\u00e3, Manuela (Marjorie Estiano), preterida por sua m\u00e3e. Ana descobre estar gr\u00e1vida. Antes de dar a not\u00edcia a Rodrigo, ela acaba aceitando o plano de sua m\u00e3e: esconder a gravidez. Ao nascer, a crian\u00e7a seria entregue \u00e0 ado\u00e7\u00e3o. Um acidente muda o destino da fam\u00edlia. Ana entra em um coma profundo e, segundo os m\u00e9dicos, talvez irrevers\u00edvel.<\/p>\n","protected":false},"excerpt":{"rendered":"<p>Resumo da novela \u201cA Vida da Gente\u201d em 18\/03: no cap\u00edtulo 016(*) da novela, Eva se descontrola com o quadro de Ana descrito por L\u00facio. Alice se desculpa com In\u00e1 por ter emprestado o carro. Come\u00e7a a cirurgia de Ana. Eva culpa Manuela pelo acidente e ela fica inconsol\u00e1vel. Rodrigo pensa na \u00faltima vez que [&hellip;]<\/p>\n","protected":false},"author":2,"featured_media":203502,"comment_status":"closed","ping_status":"closed","sticky":false,"template":"","format":"standard","meta":{"tdm_status":"","tdm_grid_status":"","footnotes":""},"categories":[2190,379,375,2025,343],"tags":[441],"class_list":{"0":"post-204385","1":"post","2":"type-post","3":"status-publish","4":"format-standard","5":"has-post-thumbnail","7":"category-a-vida-da-gente","8":"category-novelas","9":"category-rede-globo","10":"category-resumo","11":"category-televisao","12":"tag-resumo-do-dia"},"_links":{"self":[{"href":"https:\/\/migracao.redenoticia.com.br\/noticia\/wp-json\/wp\/v2\/posts\/204385","targetHints":{"allow":["GET"]}}],"collection":[{"href":"https:\/\/migracao.redenoticia.com.br\/noticia\/wp-json\/wp\/v2\/posts"}],"about":[{"href":"https:\/\/migracao.redenoticia.com.br\/noticia\/wp-json\/wp\/v2\/types\/post"}],"author":[{"embeddable":true,"href":"https:\/\/migracao.redenoticia.com.br\/noticia\/wp-json\/wp\/v2\/users\/2"}],"replies":[{"embeddable":true,"href":"https:\/\/migracao.redenoticia.com.br\/noticia\/wp-json\/wp\/v2\/comments?post=204385"}],"version-history":[{"count":0,"href":"https:\/\/migracao.redenoticia.com.br\/noticia\/wp-json\/wp\/v2\/posts\/204385\/revisions"}],"wp:featuredmedia":[{"embeddable":true,"href":"https:\/\/migracao.redenoticia.com.br\/noticia\/wp-json\/wp\/v2\/media\/203502"}],"wp:attachment":[{"href":"https:\/\/migracao.redenoticia.com.br\/noticia\/wp-json\/wp\/v2\/media?parent=204385"}],"wp:term":[{"taxonomy":"category","embeddable":true,"href":"https:\/\/migracao.redenoticia.com.br\/noticia\/wp-json\/wp\/v2\/categories?post=204385"},{"taxonomy":"post_tag","embeddable":true,"href":"https:\/\/migracao.redenoticia.com.br\/noticia\/wp-json\/wp\/v2\/tags?post=204385"}],"curies":[{"name":"wp","href":"https:\/\/api.w.org\/{rel}","templated":true}]}}