{"id":204416,"date":"2021-03-18T12:02:46","date_gmt":"2021-03-18T15:02:46","guid":{"rendered":"https:\/\/www.redenoticia.com.br\/noticia\/?p=204416"},"modified":"2021-03-18T12:02:46","modified_gmt":"2021-03-18T15:02:46","slug":"resumo-a-vida-da-gente-19-03-rodrigo-afirma-para-eva-que-e-o-pai-de-julia","status":"publish","type":"post","link":"https:\/\/migracao.redenoticia.com.br\/noticia\/2021\/resumo-a-vida-da-gente-19-03-rodrigo-afirma-para-eva-que-e-o-pai-de-julia\/204416","title":{"rendered":"Resumo \u201cA Vida da Gente\u201d 19\/03: Rodrigo afirma para Eva que \u00e9 o pai de J\u00falia"},"content":{"rendered":"<p><img loading=\"lazy\" decoding=\"async\" src=\"https:\/\/migracao.redenoticia.com.br\/noticia\/imagens\/a-vida-da-gente-elenco-principal.jpg\" alt=\"\" width=\"1280\" height=\"720\" class=\"aligncenter size-full wp-image-203501\" srcset=\"https:\/\/migracao.redenoticia.com.br\/noticia\/imagens\/a-vida-da-gente-elenco-principal.jpg 1280w, https:\/\/migracao.redenoticia.com.br\/noticia\/imagens\/a-vida-da-gente-elenco-principal-250x140.jpg 250w, https:\/\/migracao.redenoticia.com.br\/noticia\/imagens\/a-vida-da-gente-elenco-principal-400x225.jpg 400w, https:\/\/migracao.redenoticia.com.br\/noticia\/imagens\/a-vida-da-gente-elenco-principal-768x432.jpg 768w, https:\/\/migracao.redenoticia.com.br\/noticia\/imagens\/a-vida-da-gente-elenco-principal-150x85.jpg 150w\" sizes=\"auto, (max-width: 1280px) 100vw, 1280px\" \/><\/p>\n<p><em><strong>Resumo da novela \u201cA Vida da Gente\u201d<\/strong><\/em> em 19\/03: no cap\u00edtulo 017(*) da novela, Eva fica descontrolada com o que L\u00facio fala sobre Ana e acaba sendo levada por uma enfermeira. O m\u00e9dico explica o quadro de Ana para In\u00e1, Laudelino e Rodrigo, que fica at\u00f4nito. Vit\u00f3ria chega ao hospital e fica indignada quando Manuela se enfurece com ela por causa da irm\u00e3. Rodrigo dirige transtornado pensando em Ana. L\u00facio avisa a In\u00e1 que Eva pode estar com um problema card\u00edaco e, por isso, deve ser preservada de ter outro choque.<br \/>\nRodrigo vai ao parque ecol\u00f3gico onde esteve com Ana pela primeira vez. Alice conta para os pais que procurou sua m\u00e3e biol\u00f3gica. Nanda consola Rodrigo. In\u00e1 fala com Manu que ela deve esperar para contar a verdade sobre J\u00falia. Manuela vai ver Ana na UTI. Nanda incentiva seu irm\u00e3o a enfrentar a m\u00e3e de Ana. Eva se enfurece ao ver Rodrigo no quarto de J\u00falia e fica em choque quando ele afirma que \u00e9 o pai da menina.<br \/>\n(*) edi\u00e7\u00e3o das novelas da Globo, \u201cA Vida da Gente\u201d, sujeito a altera\u00e7\u00e3o de data e conte\u00fado.<\/p>\n<p>Sinopse \u201cA Vida da Gente\u201d: Dois jovens, criados como irm\u00e3os, se apaixonam perdidamente, tendo de enfrentar a contrariedade de seus pais. Ana (Fernanda Vasconcellos) e Rodrigo (Rafael Cardoso) s\u00e3o filhos, respectivamente, de Eva (Ana Beatriz Nogueira) e Jonas (Paulo Betti), que, casados, criam juntos seus filhos de outras rela\u00e7\u00f5es. Ana tem uma irm\u00e3, Manuela (Marjorie Estiano), preterida por sua m\u00e3e. Ana descobre estar gr\u00e1vida. Antes de dar a not\u00edcia a Rodrigo, ela acaba aceitando o plano de sua m\u00e3e: esconder a gravidez. Ao nascer, a crian\u00e7a seria entregue \u00e0 ado\u00e7\u00e3o. Um acidente muda o destino da fam\u00edlia. Ana entra em um coma profundo e, segundo os m\u00e9dicos, talvez irrevers\u00edvel.<\/p>\n","protected":false},"excerpt":{"rendered":"<p>Resumo da novela \u201cA Vida da Gente\u201d em 19\/03: no cap\u00edtulo 017(*) da novela, Eva fica descontrolada com o que L\u00facio fala sobre Ana e acaba sendo levada por uma enfermeira. O m\u00e9dico explica o quadro de Ana para In\u00e1, Laudelino e Rodrigo, que fica at\u00f4nito. Vit\u00f3ria chega ao hospital e fica indignada quando Manuela [&hellip;]<\/p>\n","protected":false},"author":4,"featured_media":203502,"comment_status":"closed","ping_status":"closed","sticky":false,"template":"","format":"standard","meta":{"tdm_status":"","tdm_grid_status":"","footnotes":""},"categories":[2190,379,375,2025,343],"tags":[441],"class_list":{"0":"post-204416","1":"post","2":"type-post","3":"status-publish","4":"format-standard","5":"has-post-thumbnail","7":"category-a-vida-da-gente","8":"category-novelas","9":"category-rede-globo","10":"category-resumo","11":"category-televisao","12":"tag-resumo-do-dia"},"_links":{"self":[{"href":"https:\/\/migracao.redenoticia.com.br\/noticia\/wp-json\/wp\/v2\/posts\/204416","targetHints":{"allow":["GET"]}}],"collection":[{"href":"https:\/\/migracao.redenoticia.com.br\/noticia\/wp-json\/wp\/v2\/posts"}],"about":[{"href":"https:\/\/migracao.redenoticia.com.br\/noticia\/wp-json\/wp\/v2\/types\/post"}],"author":[{"embeddable":true,"href":"https:\/\/migracao.redenoticia.com.br\/noticia\/wp-json\/wp\/v2\/users\/4"}],"replies":[{"embeddable":true,"href":"https:\/\/migracao.redenoticia.com.br\/noticia\/wp-json\/wp\/v2\/comments?post=204416"}],"version-history":[{"count":0,"href":"https:\/\/migracao.redenoticia.com.br\/noticia\/wp-json\/wp\/v2\/posts\/204416\/revisions"}],"wp:featuredmedia":[{"embeddable":true,"href":"https:\/\/migracao.redenoticia.com.br\/noticia\/wp-json\/wp\/v2\/media\/203502"}],"wp:attachment":[{"href":"https:\/\/migracao.redenoticia.com.br\/noticia\/wp-json\/wp\/v2\/media?parent=204416"}],"wp:term":[{"taxonomy":"category","embeddable":true,"href":"https:\/\/migracao.redenoticia.com.br\/noticia\/wp-json\/wp\/v2\/categories?post=204416"},{"taxonomy":"post_tag","embeddable":true,"href":"https:\/\/migracao.redenoticia.com.br\/noticia\/wp-json\/wp\/v2\/tags?post=204416"}],"curies":[{"name":"wp","href":"https:\/\/api.w.org\/{rel}","templated":true}]}}