{"id":20445,"date":"2009-12-20T23:14:32","date_gmt":"2009-12-21T03:14:32","guid":{"rendered":"http:\/\/www.redenoticia.com.br\/noticia\/?p=20445"},"modified":"2009-12-26T12:31:20","modified_gmt":"2009-12-26T16:31:20","slug":"rede-record-%e2%80%93-xuxa-e-sheila-separados-em-a-fazenda","status":"publish","type":"post","link":"https:\/\/migracao.redenoticia.com.br\/noticia\/2009\/rede-record-%e2%80%93-xuxa-e-sheila-separados-em-a-fazenda\/20445","title":{"rendered":"Rede Record \u2013 Xuxa e Sheila separados em A Fazenda"},"content":{"rendered":"<p><strong><em><img loading=\"lazy\" decoding=\"async\" class=\"alignleft size-full wp-image-17492\" title=\"a fazenda 2\" src=\"https:\/\/migracao.redenoticia.com.br\/noticia\/imagens\/a-fazenda-2.jpg\" alt=\"\" width=\"300\" height=\"193\" srcset=\"https:\/\/migracao.redenoticia.com.br\/noticia\/imagens\/a-fazenda-2.jpg 300w, https:\/\/migracao.redenoticia.com.br\/noticia\/imagens\/a-fazenda-2-250x160.jpg 250w, https:\/\/migracao.redenoticia.com.br\/noticia\/imagens\/a-fazenda-2-150x96.jpg 150w\" sizes=\"auto, (max-width: 300px) 100vw, 300px\" \/>Rede Record<\/em><\/strong> \u2013 neste domingo (20\/12) Sheila Mello perdeu Xuxa, que foi eliminado na quinta ro\u00e7a de <strong><em>A Fazenda<\/em><\/strong> da Rede Record, mas ganhou dele o posto de Fazendeira da Semana. Xuxa escolheu entre os tr\u00eas primeiros eliminados na prova da Caixinha, que foram Karina, Sheila e Andr\u00e9. Na mesma noite tamb\u00e9m foi anunciado que Sheila ganhou uma competi\u00e7\u00e3o, por ter feito a melhor produ\u00e7\u00e3o de um comercial com a colabora\u00e7\u00e3o de Maur\u00edcio Manieri, e faturou mais um carro.<\/p>\n<p>Antes da elimina\u00e7\u00e3o de Xuxa, a Rede Record mostrou uma prova de sorte para premiar um dos pe\u00f5es com 150 mil reais. Os dois classificados para a final foram Mateus e Maur\u00edcio Manieri. Na escolha de baldes com \u00e1gua para encher um monjolo, Maur\u00edcio teve mais sorte e faturou o presente de Natal de A Fazenda.<\/p>\n<p>No final do programa, ap\u00f3s a partida de Xuxa com a filha e o irm\u00e3o, Britto Jr. apresentador da Rede Record, anunciou que Maur\u00edcio deveria escolher um pe\u00e3o de A Fazenda \u00a0para dar mais um presente de cinq\u00fcenta mil reais. Maur\u00edcio Manieri escolheu Cacau, que se emocionou com o presente do amigo.<\/p>\n<p>Xuxa, o quinto eliminado de A Fazenda participar\u00e1 de diversos programas da Rede Record durante a semana.<\/p>\n<p>Rede Record \u2013 A Fazenda<\/p>\n","protected":false},"excerpt":{"rendered":"<p>Rede Record \u2013 neste domingo (20\/12) Sheila Mello perdeu Xuxa, que foi eliminado na quinta ro\u00e7a de A Fazenda da Rede Record, mas ganhou dele o posto de Fazendeira da Semana. Xuxa escolheu entre os tr\u00eas primeiros eliminados na prova da Caixinha, que foram Karina, Sheila e Andr\u00e9. Na mesma noite tamb\u00e9m foi anunciado que [&hellip;]<\/p>\n","protected":false},"author":3,"featured_media":0,"comment_status":"open","ping_status":"open","sticky":false,"template":"","format":"standard","meta":{"tdm_status":"","tdm_grid_status":"","footnotes":""},"categories":[22,371,343],"tags":[],"class_list":{"0":"post-20445","1":"post","2":"type-post","3":"status-publish","4":"format-standard","6":"category-brasil","7":"category-rede-record","8":"category-televisao"},"_links":{"self":[{"href":"https:\/\/migracao.redenoticia.com.br\/noticia\/wp-json\/wp\/v2\/posts\/20445","targetHints":{"allow":["GET"]}}],"collection":[{"href":"https:\/\/migracao.redenoticia.com.br\/noticia\/wp-json\/wp\/v2\/posts"}],"about":[{"href":"https:\/\/migracao.redenoticia.com.br\/noticia\/wp-json\/wp\/v2\/types\/post"}],"author":[{"embeddable":true,"href":"https:\/\/migracao.redenoticia.com.br\/noticia\/wp-json\/wp\/v2\/users\/3"}],"replies":[{"embeddable":true,"href":"https:\/\/migracao.redenoticia.com.br\/noticia\/wp-json\/wp\/v2\/comments?post=20445"}],"version-history":[{"count":0,"href":"https:\/\/migracao.redenoticia.com.br\/noticia\/wp-json\/wp\/v2\/posts\/20445\/revisions"}],"wp:attachment":[{"href":"https:\/\/migracao.redenoticia.com.br\/noticia\/wp-json\/wp\/v2\/media?parent=20445"}],"wp:term":[{"taxonomy":"category","embeddable":true,"href":"https:\/\/migracao.redenoticia.com.br\/noticia\/wp-json\/wp\/v2\/categories?post=20445"},{"taxonomy":"post_tag","embeddable":true,"href":"https:\/\/migracao.redenoticia.com.br\/noticia\/wp-json\/wp\/v2\/tags?post=20445"}],"curies":[{"name":"wp","href":"https:\/\/api.w.org\/{rel}","templated":true}]}}