{"id":204541,"date":"2021-03-22T12:56:44","date_gmt":"2021-03-22T15:56:44","guid":{"rendered":"https:\/\/www.redenoticia.com.br\/noticia\/?p=204541"},"modified":"2021-03-22T12:56:44","modified_gmt":"2021-03-22T15:56:44","slug":"novela-malhacao-sonhos-23-03-mari-revela-sua-gravidez-para-franz","status":"publish","type":"post","link":"https:\/\/migracao.redenoticia.com.br\/noticia\/2021\/novela-malhacao-sonhos-23-03-mari-revela-sua-gravidez-para-franz\/204541","title":{"rendered":"Novela &#8220;Malha\u00e7\u00e3o&#8221; Sonhos 23\/03: Mari revela sua gravidez para Franz"},"content":{"rendered":"<p><img loading=\"lazy\" decoding=\"async\" class=\"aligncenter size-full wp-image-202688\" src=\"https:\/\/migracao.redenoticia.com.br\/noticia\/imagens\/malhacao-sonhos-elenco-protagonistas.jpg\" alt=\"\" width=\"1280\" height=\"720\" srcset=\"https:\/\/migracao.redenoticia.com.br\/noticia\/imagens\/malhacao-sonhos-elenco-protagonistas.jpg 1280w, https:\/\/migracao.redenoticia.com.br\/noticia\/imagens\/malhacao-sonhos-elenco-protagonistas-250x140.jpg 250w, https:\/\/migracao.redenoticia.com.br\/noticia\/imagens\/malhacao-sonhos-elenco-protagonistas-400x225.jpg 400w, https:\/\/migracao.redenoticia.com.br\/noticia\/imagens\/malhacao-sonhos-elenco-protagonistas-768x432.jpg 768w, https:\/\/migracao.redenoticia.com.br\/noticia\/imagens\/malhacao-sonhos-elenco-protagonistas-150x85.jpg 150w\" sizes=\"auto, (max-width: 1280px) 100vw, 1280px\" \/><\/p>\n<p><em><strong>Resumo da novela &#8220;Malha\u00e7\u00e3o&#8221; Sonhos<\/strong><\/em> em 23\/03: no cap\u00edtulo 042(*) da novela, Karina despeja um balde de \u00e1gua em Pedro. Rute incentiva Jeff a participar do clipe. Jade se arrepende e tenta impedir Cobra de prejudicar a B\u00e1rbara. Cobra enfrenta Luiz e Diego para defender B\u00e1rbara, que aconselha Jade a se afastar do rapaz. Dandara comemora o retorno de Mari \u00e0 Ribalta. Nando pressiona Pedro sobre o dinheiro do est\u00fadio.<\/p>\n<p>Mari e Jeff decidem ser apenas amigos. Heideguer aprova a atitude de Cobra e garante a Lob\u00e3o que ganhar\u00e3o dinheiro com o rapaz. Jade vence o teste para o clipe e comemora com Lucr\u00e9cia. Mari revela sua gravidez para Franz. Jade e Cobra se beijam. Pedro pede para fazer uma aula experimental na academia de Gael.<\/p>\n<p>(*) edi\u00e7\u00e3o das novelas da Globo, \u201cMalha\u00e7\u00e3o\u201d Sonhos, sujeito a altera\u00e7\u00e3o de data e conte\u00fado.<\/p>\n<p>Sinopse Novela &#8220;Malha\u00e7\u00e3o&#8221; Sonhos: Formar campe\u00f5es e repassar os princ\u00edpios das artes marciais para os alunos s\u00e3o alguns dos sonhos de Gael (Eriberto Le\u00e3o). Duca (Arthur Aguiar) \u00e9 seu melhor atleta. Ele est\u00e1 sempre acompanhado dos amigos Z\u00e9 (Bruno Fraga) e Marc\u00e3o (Jean Amorim). Karina (Isabella Santoni), filha de Gael, n\u00e3o aceita que o pai s\u00f3 tenha olhos para Duca e treina para ser uma grande lutadora. A ca\u00e7ula do mestre \u00e9 apaixonada pelo disc\u00edpulo do pai e n\u00e3o sabe que ele e sua irm\u00e3, Bianca (Bruna Ham\u00fa), est\u00e3o prestes a assumir o namoro.<\/p>\n","protected":false},"excerpt":{"rendered":"<p>Resumo da novela &#8220;Malha\u00e7\u00e3o&#8221; Sonhos em 23\/03: no cap\u00edtulo 042(*) da novela, Karina despeja um balde de \u00e1gua em Pedro. Rute incentiva Jeff a participar do clipe. Jade se arrepende e tenta impedir Cobra de prejudicar a B\u00e1rbara. Cobra enfrenta Luiz e Diego para defender B\u00e1rbara, que aconselha Jade a se afastar do rapaz. Dandara [&hellip;]<\/p>\n","protected":false},"author":4,"featured_media":202687,"comment_status":"closed","ping_status":"closed","sticky":false,"template":"","format":"standard","meta":{"tdm_status":"","tdm_grid_status":"","footnotes":""},"categories":[447,379,375,2025,343],"tags":[441],"class_list":{"0":"post-204541","1":"post","2":"type-post","3":"status-publish","4":"format-standard","5":"has-post-thumbnail","7":"category-malhacao","8":"category-novelas","9":"category-rede-globo","10":"category-resumo","11":"category-televisao","12":"tag-resumo-do-dia"},"_links":{"self":[{"href":"https:\/\/migracao.redenoticia.com.br\/noticia\/wp-json\/wp\/v2\/posts\/204541","targetHints":{"allow":["GET"]}}],"collection":[{"href":"https:\/\/migracao.redenoticia.com.br\/noticia\/wp-json\/wp\/v2\/posts"}],"about":[{"href":"https:\/\/migracao.redenoticia.com.br\/noticia\/wp-json\/wp\/v2\/types\/post"}],"author":[{"embeddable":true,"href":"https:\/\/migracao.redenoticia.com.br\/noticia\/wp-json\/wp\/v2\/users\/4"}],"replies":[{"embeddable":true,"href":"https:\/\/migracao.redenoticia.com.br\/noticia\/wp-json\/wp\/v2\/comments?post=204541"}],"version-history":[{"count":0,"href":"https:\/\/migracao.redenoticia.com.br\/noticia\/wp-json\/wp\/v2\/posts\/204541\/revisions"}],"wp:featuredmedia":[{"embeddable":true,"href":"https:\/\/migracao.redenoticia.com.br\/noticia\/wp-json\/wp\/v2\/media\/202687"}],"wp:attachment":[{"href":"https:\/\/migracao.redenoticia.com.br\/noticia\/wp-json\/wp\/v2\/media?parent=204541"}],"wp:term":[{"taxonomy":"category","embeddable":true,"href":"https:\/\/migracao.redenoticia.com.br\/noticia\/wp-json\/wp\/v2\/categories?post=204541"},{"taxonomy":"post_tag","embeddable":true,"href":"https:\/\/migracao.redenoticia.com.br\/noticia\/wp-json\/wp\/v2\/tags?post=204541"}],"curies":[{"name":"wp","href":"https:\/\/api.w.org\/{rel}","templated":true}]}}