{"id":204571,"date":"2021-03-23T12:07:07","date_gmt":"2021-03-23T15:07:07","guid":{"rendered":"https:\/\/www.redenoticia.com.br\/noticia\/?p=204571"},"modified":"2021-03-23T12:07:07","modified_gmt":"2021-03-23T15:07:07","slug":"resumo-amores-verdadeiros-24-03-nikki-tenta-ajudar-gusmao","status":"publish","type":"post","link":"https:\/\/migracao.redenoticia.com.br\/noticia\/2021\/resumo-amores-verdadeiros-24-03-nikki-tenta-ajudar-gusmao\/204571","title":{"rendered":"Resumo &#8220;Amores Verdadeiros&#8221; 24\/03: Nikki tenta ajudar Gusm\u00e3o"},"content":{"rendered":"<p><img loading=\"lazy\" decoding=\"async\" src=\"https:\/\/migracao.redenoticia.com.br\/noticia\/imagens\/amores-verdadeiros-resumo-elenco.jpg\" alt=\"\" width=\"1280\" height=\"720\" class=\"aligncenter size-full wp-image-203224\" srcset=\"https:\/\/migracao.redenoticia.com.br\/noticia\/imagens\/amores-verdadeiros-resumo-elenco.jpg 1280w, https:\/\/migracao.redenoticia.com.br\/noticia\/imagens\/amores-verdadeiros-resumo-elenco-250x140.jpg 250w, https:\/\/migracao.redenoticia.com.br\/noticia\/imagens\/amores-verdadeiros-resumo-elenco-400x225.jpg 400w, https:\/\/migracao.redenoticia.com.br\/noticia\/imagens\/amores-verdadeiros-resumo-elenco-768x432.jpg 768w, https:\/\/migracao.redenoticia.com.br\/noticia\/imagens\/amores-verdadeiros-resumo-elenco-150x85.jpg 150w\" sizes=\"auto, (max-width: 1280px) 100vw, 1280px\" \/><\/p>\n<p><strong><em>Resumo da novela &#8220;Amores Verdadeiros&#8221;<\/em><\/strong> em 24\/03: no cap\u00edtulo 033(*) da novela, ap\u00f3s o desmaio de Nikki, Vit\u00f3ria diz \u00e0 filhinha que est\u00e1 muito preocupada com ela, n\u00e3o deveria chamar um m\u00e9dico? Ou h\u00e1 outra raz\u00e3o para ela desmaiar? Como o qu\u00ea? Como seu per\u00edodo inexistente, diz Vit\u00f3ria. Nikki enlouquece. Ela e Tom\u00e1sia monitoram o uso de absorventes? Vamos l\u00e1, ela apenas tomou sol demais, ela est\u00e1 perfeitamente bem. Vit\u00f3ria parte para se encontrar com Odette. Camila entra e Nikki pede que ela seja mais gentil com Poliana e aquela garota do campo. Beatriz est\u00e1 sentada ao lado da cama de Guille, e enquanto observa seu filho dormindo, ela se pergunta o que aquele porco Leonardo disse a ele. Ela n\u00e3o pode deix\u00e1-lo manipular a crian\u00e7a. Nesse \u00ednterim, no bar, Leonardo tamb\u00e9m pensa na fam\u00edlia e jura que vai domar Beatriz. Ela ser\u00e1 sua novamente.<\/p>\n<p>No corredor, Vit\u00f3ria pergunta a Gusm\u00e3o se Nikki tem namorado. A princ\u00edpio ele reluta em responder porque n\u00e3o deveria falar sobre a vida pessoal dela, mas depois admite que n\u00e3o, ela n\u00e3o est\u00e1 saindo com ningu\u00e9m. Salviano conta a Vit\u00f3ria que os m\u00e9dicos conseguiram curar sua pobre m\u00e3e! Vit\u00f3ria e o Aguiar ficam muito felizes com a not\u00edcia. Vit\u00f3ria d\u00e1 a Aguiar um dia de folga e diz a ele para esquecer dela, de seu trabalho, de tudo, e tenha uma \u00f3tima noite. Ela sai com Salviano e o Aguiar pensa na sorte de Salviano, ele ainda tem m\u00e3e. Beatriz, que ainda est\u00e1 preocupada com o filho, conta a Cristina e Liliana sobre Leonardo. Ela tem que falar com ele seriamente, pelo bem de seu filho. Aguiar toma banho e pensa alegremente na noite que se aproxima, com sua esposa.<\/p>\n<p>Odete e Vit\u00f3ria se encontram em um restaurante. Odette quer cooperar com Meta Imagem em uma nova campanha. Vit\u00f3ria ri e diz que ela vai confiar em Odette quando o inferno congelar: ela roubou uma de suas secret\u00e1rias, ela quase sabotou o contrato com Kendra e mandou iogurte para os seus funcion\u00e1rios. Um dos gar\u00e7ons traz um buqu\u00ea de rosas com um bilhete para Vit\u00f3ria. Enquanto isso, Aguiar encontra a carta de Kendra em seu quarto, ambos sorriem e coram ao ler as mesmas palavras: \u201cVamos aproveitar essas horas juntos, merecemos uma noite especial, s\u00f3 voc\u00ea e eu. Desligue seu telefone, sem liga\u00e7\u00f5es, sem desculpas, sem t\u00e1ticas, sem estrat\u00e9gia.\u201d Beatriz liga para Leonardo. Eles concordam em se encontrar no bar onde costumavam namorar.<\/p>\n<p>Nelson visita Kendra. A animada e risonha Vit\u00f3ria chega ao quarto do hotel, onde encontra uma lingerie sexy na cama e um grande estoque de \u00f3leos de massagem e filmes na estante da TV. Ela liga para Tom\u00e1sia e conta tudo. Ela concorda em fazer uma surpresa para Nelson. Paula chora e admira uma foto antiga dela e de seu filho abandonado, Francisco tamb\u00e9m est\u00e1 olhando para uma linda foto de sua m\u00e3e. Nikki sente que h\u00e1 algo errado e o abra\u00e7a. Nikki quer ajudar Francisco, mas ele a manda embora, e como sempre, eles acabam brigando.<\/p>\n<p>Paula salta para os bra\u00e7os de Cristina, chorando que ela n\u00e3o aguenta mais, ela simplesmente n\u00e3o pode. Cristina \u00e9 uma mulher de a\u00e7\u00e3o, ela acha que elas deveriam procurar o filho de Paula. E pedir pens\u00e3o aliment\u00edcia a An\u00edbal. Kendra diz a Nelson que se apaixonou por ele. Aguiar chega ao hotel. Rosas e grandes cora\u00e7\u00f5es por toda parte, e uma mulher dan\u00e7ando atr\u00e1s de uma tela. A \u00fanica coisa que ele n\u00e3o nota \u00e9 a c\u00e2mera escondida que registra tudo o que acontece naquela su\u00edte. Aguiar pede a Cristina para soltar o cabelo. Vit\u00f3ria tem um pequeno infarto e come\u00e7a a gritar.<\/p>\n<p>(*) edi\u00e7\u00e3o das novelas do SBT, &#8220;Amores Verdadeiros&#8221;, sujeito a altera\u00e7\u00e3o de data e conte\u00fado.<\/p>\n<p>Sinopse &#8220;Amores Verdadeiros&#8221;: Vit\u00f3ria Balvanera \u00e9 diretora de cria\u00e7\u00e3o da Meta Imagem Internacional, a mais importante ag\u00eancia de publicidade do pa\u00eds. O seu sucesso a tornou alvo de criminosos e \u00e9 durante um destes ataques que conhece Jos\u00e9 \u00c1ngelo, um simples campon\u00eas. Quando Jos\u00e9 \u00c2ngelo vai \u00e0 fazenda para pedir um emprego como capataz, um grupo de criminosos invade a propriedade para sequestrar Vit\u00f3ria. Gra\u00e7as ao seu treinamento de Aikido, ele evita o sequestro e salva Vit\u00f3ria, assim um encontro \u00fanico e emocionante surge entre eles. <\/p>\n","protected":false},"excerpt":{"rendered":"<p>Resumo da novela &#8220;Amores Verdadeiros&#8221; em 24\/03: no cap\u00edtulo 033(*) da novela, ap\u00f3s o desmaio de Nikki, Vit\u00f3ria diz \u00e0 filhinha que est\u00e1 muito preocupada com ela, n\u00e3o deveria chamar um m\u00e9dico? Ou h\u00e1 outra raz\u00e3o para ela desmaiar? Como o qu\u00ea? Como seu per\u00edodo inexistente, diz Vit\u00f3ria. Nikki enlouquece. Ela e Tom\u00e1sia monitoram o [&hellip;]<\/p>\n","protected":false},"author":4,"featured_media":203226,"comment_status":"closed","ping_status":"closed","sticky":false,"template":"","format":"standard","meta":{"tdm_status":"","tdm_grid_status":"","footnotes":""},"categories":[2189,379,2025,372,343],"tags":[441],"class_list":{"0":"post-204571","1":"post","2":"type-post","3":"status-publish","4":"format-standard","5":"has-post-thumbnail","7":"category-amores-verdadeiros","8":"category-novelas","9":"category-resumo","10":"category-sbt","11":"category-televisao","12":"tag-resumo-do-dia"},"_links":{"self":[{"href":"https:\/\/migracao.redenoticia.com.br\/noticia\/wp-json\/wp\/v2\/posts\/204571","targetHints":{"allow":["GET"]}}],"collection":[{"href":"https:\/\/migracao.redenoticia.com.br\/noticia\/wp-json\/wp\/v2\/posts"}],"about":[{"href":"https:\/\/migracao.redenoticia.com.br\/noticia\/wp-json\/wp\/v2\/types\/post"}],"author":[{"embeddable":true,"href":"https:\/\/migracao.redenoticia.com.br\/noticia\/wp-json\/wp\/v2\/users\/4"}],"replies":[{"embeddable":true,"href":"https:\/\/migracao.redenoticia.com.br\/noticia\/wp-json\/wp\/v2\/comments?post=204571"}],"version-history":[{"count":0,"href":"https:\/\/migracao.redenoticia.com.br\/noticia\/wp-json\/wp\/v2\/posts\/204571\/revisions"}],"wp:featuredmedia":[{"embeddable":true,"href":"https:\/\/migracao.redenoticia.com.br\/noticia\/wp-json\/wp\/v2\/media\/203226"}],"wp:attachment":[{"href":"https:\/\/migracao.redenoticia.com.br\/noticia\/wp-json\/wp\/v2\/media?parent=204571"}],"wp:term":[{"taxonomy":"category","embeddable":true,"href":"https:\/\/migracao.redenoticia.com.br\/noticia\/wp-json\/wp\/v2\/categories?post=204571"},{"taxonomy":"post_tag","embeddable":true,"href":"https:\/\/migracao.redenoticia.com.br\/noticia\/wp-json\/wp\/v2\/tags?post=204571"}],"curies":[{"name":"wp","href":"https:\/\/api.w.org\/{rel}","templated":true}]}}