{"id":204578,"date":"2021-03-23T12:12:44","date_gmt":"2021-03-23T15:12:44","guid":{"rendered":"https:\/\/www.redenoticia.com.br\/noticia\/?p=204578"},"modified":"2021-03-23T12:12:44","modified_gmt":"2021-03-23T15:12:44","slug":"resumo-lacos-de-familia-24-03-o-carro-onde-se-encontram-maurinho-e-orlando-explode","status":"publish","type":"post","link":"https:\/\/migracao.redenoticia.com.br\/noticia\/2021\/resumo-lacos-de-familia-24-03-o-carro-onde-se-encontram-maurinho-e-orlando-explode\/204578","title":{"rendered":"Resumo \u201cLa\u00e7os de Fam\u00edlia\u201d 24\/03: O carro onde se encontram Maurinho e Orlando explode"},"content":{"rendered":"<p><img loading=\"lazy\" decoding=\"async\" class=\"aligncenter size-full wp-image-197365\" src=\"https:\/\/migracao.redenoticia.com.br\/noticia\/imagens\/lacos-de-familia-resumo-sinopse-elenco-helena-camila-edu.jpg\" alt=\"\" width=\"1280\" height=\"720\" srcset=\"https:\/\/migracao.redenoticia.com.br\/noticia\/imagens\/lacos-de-familia-resumo-sinopse-elenco-helena-camila-edu.jpg 1280w, https:\/\/migracao.redenoticia.com.br\/noticia\/imagens\/lacos-de-familia-resumo-sinopse-elenco-helena-camila-edu-250x140.jpg 250w, https:\/\/migracao.redenoticia.com.br\/noticia\/imagens\/lacos-de-familia-resumo-sinopse-elenco-helena-camila-edu-400x225.jpg 400w, https:\/\/migracao.redenoticia.com.br\/noticia\/imagens\/lacos-de-familia-resumo-sinopse-elenco-helena-camila-edu-768x432.jpg 768w, https:\/\/migracao.redenoticia.com.br\/noticia\/imagens\/lacos-de-familia-resumo-sinopse-elenco-helena-camila-edu-150x85.jpg 150w\" sizes=\"auto, (max-width: 1280px) 100vw, 1280px\" \/><\/p>\n<p><em><strong>Resumo da novela \u201cLa\u00e7os de Fam\u00edlia\u201d<\/strong><\/em> em 24\/03: no cap\u00edtulo 143(*) da novela, Clara recebe flores de Martins. Alma visita Miguel. Orlando quase pega Maurinho, mas ele foge. Capitu n\u00e3o quer conversar com Orlando. Danilo olha com carinho os beb\u00eas. Alma nem fala com ele. Chove torrencialmente na cidade. \u00cdris cavalga e v\u00ea Al\u00e9ssio e Ingrid. Ingrid pede que a filha volte para o bom caminho. Pedro e Socorro saem \u00e0 procura de \u00cdris. Juvenal encontra Marta no alojamento feminino e acabam abra\u00e7adinhos. Pedro v\u00ea os dois vultos e socorre \u00cdris, que est\u00e1 ca\u00edda no ch\u00e3o. Socorro conta para todos sobre os fantasmas. Capitu avisa a Fred que vai deixar Orlando e ficar uns dias fora do Rio de Janeiro.<\/p>\n<p>Orlando vigia o edif\u00edcio. Capitu pede que Simone devolva as joias para Orlando. Maurinho tira a chave das m\u00e3os de Capitu e quer levar o carro cheio de malas. Orlando armado entra no carro e sai com Maurinho. \u00cdris joga esterco em F\u00e1bio. Capitu conta para Simone o que aconteceu e se desespera com o que pode acontecer. Maurinho perde a dire\u00e7\u00e3o, Orlando grita e o carro bate de frente com um caminh\u00e3o, explodindo a seguir.<\/p>\n<p>(*) edi\u00e7\u00e3o das novelas da Globo, \u201cLa\u00e7os de Fam\u00edlia\u201d, sujeito a altera\u00e7\u00e3o de data e conte\u00fado.<\/p>\n<p>Sinopse &#8220;La\u00e7os de Fam\u00edlia&#8221;: Helena (Vera Fischer) est\u00e1 a caminho da praia quando seu carro se choca com o do jovem m\u00e9dico Edu (Reynaldo Gianecchini). De in\u00edcio os dois se estranham, mas depois acabam se envolvendo. O acidente acontece em frente \u00e0 livraria Dom Casmurro, de propriedade de Miguel (Tony Ramos), que se encanta imediatamente por ela. Helena \u00e9 m\u00e3e de Camila (Carolina Dieckmann). Com o tempo, Camila descobre que est\u00e1 apaixonada por Edu e que \u00e9 correspondida.<\/p>\n","protected":false},"excerpt":{"rendered":"<p>Resumo da novela \u201cLa\u00e7os de Fam\u00edlia\u201d em 24\/03: no cap\u00edtulo 143(*) da novela, Clara recebe flores de Martins. Alma visita Miguel. Orlando quase pega Maurinho, mas ele foge. Capitu n\u00e3o quer conversar com Orlando. Danilo olha com carinho os beb\u00eas. Alma nem fala com ele. Chove torrencialmente na cidade. \u00cdris cavalga e v\u00ea Al\u00e9ssio e [&hellip;]<\/p>\n","protected":false},"author":4,"featured_media":197366,"comment_status":"closed","ping_status":"closed","sticky":false,"template":"","format":"standard","meta":{"tdm_status":"","tdm_grid_status":"","footnotes":""},"categories":[2061,379,375,2025,343],"tags":[441],"class_list":{"0":"post-204578","1":"post","2":"type-post","3":"status-publish","4":"format-standard","5":"has-post-thumbnail","7":"category-lacos-de-familia","8":"category-novelas","9":"category-rede-globo","10":"category-resumo","11":"category-televisao","12":"tag-resumo-do-dia"},"_links":{"self":[{"href":"https:\/\/migracao.redenoticia.com.br\/noticia\/wp-json\/wp\/v2\/posts\/204578","targetHints":{"allow":["GET"]}}],"collection":[{"href":"https:\/\/migracao.redenoticia.com.br\/noticia\/wp-json\/wp\/v2\/posts"}],"about":[{"href":"https:\/\/migracao.redenoticia.com.br\/noticia\/wp-json\/wp\/v2\/types\/post"}],"author":[{"embeddable":true,"href":"https:\/\/migracao.redenoticia.com.br\/noticia\/wp-json\/wp\/v2\/users\/4"}],"replies":[{"embeddable":true,"href":"https:\/\/migracao.redenoticia.com.br\/noticia\/wp-json\/wp\/v2\/comments?post=204578"}],"version-history":[{"count":0,"href":"https:\/\/migracao.redenoticia.com.br\/noticia\/wp-json\/wp\/v2\/posts\/204578\/revisions"}],"wp:featuredmedia":[{"embeddable":true,"href":"https:\/\/migracao.redenoticia.com.br\/noticia\/wp-json\/wp\/v2\/media\/197366"}],"wp:attachment":[{"href":"https:\/\/migracao.redenoticia.com.br\/noticia\/wp-json\/wp\/v2\/media?parent=204578"}],"wp:term":[{"taxonomy":"category","embeddable":true,"href":"https:\/\/migracao.redenoticia.com.br\/noticia\/wp-json\/wp\/v2\/categories?post=204578"},{"taxonomy":"post_tag","embeddable":true,"href":"https:\/\/migracao.redenoticia.com.br\/noticia\/wp-json\/wp\/v2\/tags?post=204578"}],"curies":[{"name":"wp","href":"https:\/\/api.w.org\/{rel}","templated":true}]}}