{"id":204750,"date":"2021-03-28T20:54:22","date_gmt":"2021-03-28T23:54:22","guid":{"rendered":"https:\/\/www.redenoticia.com.br\/noticia\/?p=204750"},"modified":"2021-03-28T20:54:22","modified_gmt":"2021-03-28T23:54:22","slug":"resumo-tititi-29-03-jaqueline-e-thaisa-visitam-o-atelie-de-jacques","status":"publish","type":"post","link":"https:\/\/migracao.redenoticia.com.br\/noticia\/2021\/resumo-tititi-29-03-jaqueline-e-thaisa-visitam-o-atelie-de-jacques\/204750","title":{"rendered":"Resumo \u201cTiTiTi\u201d 29\/03: Jaqueline e Tha\u00edsa visitam o ateli\u00ea de Jacques"},"content":{"rendered":"<p> <img loading=\"lazy\" decoding=\"async\" src=\"https:\/\/migracao.redenoticia.com.br\/noticia\/imagens\/tititi-elenco-personagens.jpeg\" alt=\"\" width=\"1280\" height=\"720\" class=\"aligncenter size-full wp-image-204657\" srcset=\"https:\/\/migracao.redenoticia.com.br\/noticia\/imagens\/tititi-elenco-personagens.jpeg 1280w, https:\/\/migracao.redenoticia.com.br\/noticia\/imagens\/tititi-elenco-personagens-250x140.jpeg 250w, https:\/\/migracao.redenoticia.com.br\/noticia\/imagens\/tititi-elenco-personagens-400x225.jpeg 400w, https:\/\/migracao.redenoticia.com.br\/noticia\/imagens\/tititi-elenco-personagens-768x432.jpeg 768w, https:\/\/migracao.redenoticia.com.br\/noticia\/imagens\/tititi-elenco-personagens-150x85.jpeg 150w\" sizes=\"auto, (max-width: 1280px) 100vw, 1280px\" \/><\/p>\n<p><em><strong>Resumo da novela \u201cTiTiTi\u201d<\/strong><\/em> em 29\/03: no cap\u00edtulo 001(*) da novela, Edgar fotografa as modelos do desfile de Alexandre Herchcovitch. Suzana e Luisa o observam, enquanto Camila fala com orgulho do talento do noivo. Tha\u00edsa diz a Fernanda que precisa de um vestido para a festa de Priscila e Adriano lhe indica um estilista. Jorgito v\u00ea Luisa conversando com Edgar e desconfia. Gustavo avisa a Edgar que Bruna n\u00e3o est\u00e1 passando bem. Suzana fica indignada ao ver Luti trabalhando como gar\u00e7om. Bruna pergunta por Osmar e Gustavo liga para o filho, mas ele n\u00e3o atende. Edgar alerta Gustavo que est\u00e1 na hora de contar para a m\u00e3e a verdade sobre o irm\u00e3o. Adriano pede permiss\u00e3o a Suzana para escrever uma nota sobre Jacques Leclair.<\/p>\n<p>Jaqueline e Tha\u00edsa visitam o ateli\u00ea de Jacques e ficam horrorizadas com as roupas, mas se impressionam com o charme do estilista. Luti avisa Suzana que continuar\u00e1 trabalhando enquanto o pai estiver desempregado. Ariclenes \u00e9 recebido na ag\u00eancia de modelos por Luisa, que lhe oferece um emprego de motorista. Luisa lembra Edgar que ele tem um almo\u00e7o com Camila e o fot\u00f3grafo sai apressado. Julinho ganha o concurso de cabeleireiros e comemora com Osmar. Marcela avista Renato na plateia do concurso e se emociona. Renato conta para o pai que est\u00e1 apaixonado por Marcela e n\u00e3o sabe mais se vai estudar na Inglaterra. St\u00e9fany comenta que Desir\u00e9e vai voltar para casa e Armandinho se anima. Breno n\u00e3o aceita pagar o vestido de Tha\u00edsa e manda a filha cancelar a compra. Adriano seleciona modelos para o desfile da cole\u00e7\u00e3o de Jacques Leclair.<\/p>\n<p>Ariclenes descobre que levar\u00e1 as modelos ao ateli\u00ea do seu antigo desafeto e tem uma ideia. As modelos se atrasam e Jacques fica preocupado. Ariclenes estimula as modelos comerem muito e mente sobre o hor\u00e1rio do desfile. Giancarlo pressiona Renato a contar para Marcela que \u00e9 rico. Valqu\u00edria discute com Luti e o gar\u00e7om abandona o trabalho. Gustavo surpreende Osmar ao chegar em sua casa. Edgar se encontra com Luisa e os dois se beijam. Marcela diz a Renato que est\u00e1 gr\u00e1vida e ele a chama de golpista. As modelos chegam ao ateli\u00ea de Jacques e, quando o estilista vai receb\u00ea-las, \u00e9 surpreendido por Ariclenes.<\/p>\n<p>(*) edi\u00e7\u00e3o das novelas da Globo, \u201cTiTiTi\u201d, sujeito a altera\u00e7\u00e3o de data e conte\u00fado.<\/p>\n<p>Sinopse &#8220;TiTiTi&#8221;: Alexandre Borges e Murilo Ben\u00edcio interpretam os rivais da hist\u00f3ria, respectivamente Jacques Leclair e Victor Valentim, que passam a novela inteira se digladiando para ver quem sobressai no mundo na moda como estilista bem-sucedido, com o nome transformado em grife e as cole\u00e7\u00f5es desfiladas nas grandes semanas de moda e fotografadas para as revistas de celebridades.<\/p>\n","protected":false},"excerpt":{"rendered":"<p>Resumo da novela \u201cTiTiTi\u201d em 29\/03: no cap\u00edtulo 001(*) da novela, Edgar fotografa as modelos do desfile de Alexandre Herchcovitch. Suzana e Luisa o observam, enquanto Camila fala com orgulho do talento do noivo. Tha\u00edsa diz a Fernanda que precisa de um vestido para a festa de Priscila e Adriano lhe indica um estilista. Jorgito [&hellip;]<\/p>\n","protected":false},"author":2,"featured_media":204655,"comment_status":"closed","ping_status":"closed","sticky":false,"template":"","format":"standard","meta":{"tdm_status":"","tdm_grid_status":"","footnotes":""},"categories":[379,375,2025,343,2193],"tags":[441],"class_list":{"0":"post-204750","1":"post","2":"type-post","3":"status-publish","4":"format-standard","5":"has-post-thumbnail","7":"category-novelas","8":"category-rede-globo","9":"category-resumo","10":"category-televisao","11":"category-tititi","12":"tag-resumo-do-dia"},"_links":{"self":[{"href":"https:\/\/migracao.redenoticia.com.br\/noticia\/wp-json\/wp\/v2\/posts\/204750","targetHints":{"allow":["GET"]}}],"collection":[{"href":"https:\/\/migracao.redenoticia.com.br\/noticia\/wp-json\/wp\/v2\/posts"}],"about":[{"href":"https:\/\/migracao.redenoticia.com.br\/noticia\/wp-json\/wp\/v2\/types\/post"}],"author":[{"embeddable":true,"href":"https:\/\/migracao.redenoticia.com.br\/noticia\/wp-json\/wp\/v2\/users\/2"}],"replies":[{"embeddable":true,"href":"https:\/\/migracao.redenoticia.com.br\/noticia\/wp-json\/wp\/v2\/comments?post=204750"}],"version-history":[{"count":0,"href":"https:\/\/migracao.redenoticia.com.br\/noticia\/wp-json\/wp\/v2\/posts\/204750\/revisions"}],"wp:featuredmedia":[{"embeddable":true,"href":"https:\/\/migracao.redenoticia.com.br\/noticia\/wp-json\/wp\/v2\/media\/204655"}],"wp:attachment":[{"href":"https:\/\/migracao.redenoticia.com.br\/noticia\/wp-json\/wp\/v2\/media?parent=204750"}],"wp:term":[{"taxonomy":"category","embeddable":true,"href":"https:\/\/migracao.redenoticia.com.br\/noticia\/wp-json\/wp\/v2\/categories?post=204750"},{"taxonomy":"post_tag","embeddable":true,"href":"https:\/\/migracao.redenoticia.com.br\/noticia\/wp-json\/wp\/v2\/tags?post=204750"}],"curies":[{"name":"wp","href":"https:\/\/api.w.org\/{rel}","templated":true}]}}