{"id":20477,"date":"2009-12-21T14:03:10","date_gmt":"2009-12-21T18:03:10","guid":{"rendered":"http:\/\/www.redenoticia.com.br\/noticia\/?p=20477"},"modified":"2010-01-18T09:49:42","modified_gmt":"2010-01-18T13:49:42","slug":"gabarito-cesgranrio-concurso-publico-casa-da-moeda-do-brasil-cbmrj","status":"publish","type":"post","link":"https:\/\/migracao.redenoticia.com.br\/noticia\/2009\/gabarito-cesgranrio-concurso-publico-casa-da-moeda-do-brasil-cbmrj\/20477","title":{"rendered":"Gabarito Cesgranrio Concurso P\u00fablico Casa da Moeda do Brasil &#8211; CBM\/RJ"},"content":{"rendered":"<p>A Funda\u00e7\u00e3o <strong><em>Cesgranrio<\/em><\/strong> publicou o <strong><em>gabarito<\/em><\/strong> (<a href=\"http:\/\/www.cesgranrio.org.br\/eventos\/concursos\/cmb0109\/cmb0109.html\" target=\"_blank\">clique aqui<\/a>)\u00a0e as provas do <strong><em>Concurso P\u00fablico<\/em><\/strong> <strong><em>Casa da Moeda do Brasil <\/em><\/strong>&#8211; CBM\/RJ, realizado neste domingo, \u00a0para os cargos Agente de seguran\u00e7a, Assistente de administra\u00e7\u00e3o, Auxiliar de produ\u00e7\u00e3o, Bombeiro de inc\u00eandio, Mantenedor industrial em diversas especialidades, T\u00e9cnico de suporte, T\u00e9cnico industrial, Advogado, Analista de n\u00edvel superior, Assistente social, Auditor, Bibliotec\u00e1rio, Engenheiro civil e de Produ\u00e7\u00e3o, Engenheiro qu\u00edmico, Gravador de valores e M\u00e9dico do trabalho, entre outros.<\/p>\n<p>Vagas:39 vagas imediatas e1420\u00a0vagas para forma\u00e7\u00e3o de cadastro de reserva, com a Remunera\u00e7\u00e3o de R$ 958,08 a R$ 3959,13<\/p>\n<p>Recomenda\u00e7\u00e3o: Atendimento ao candidato &#8211; 0800 701 2028 &#8211; hor\u00e1rio de 9h \u00e0s 17h<\/p>\n<p>Os candidatos habilitados em todas as avalia\u00e7\u00f5es do processo seletivo p\u00fablico ser\u00e3o chamados, em fun\u00e7\u00e3o das vagas existentes e de acordo com as necessidades da Empresa, obedecida a ordem de classifica\u00e7\u00e3o, a assinar Contrato Individual de Trabalho com a CASA DA MOEDA DO BRASIL &#8211; CMB, o qual se reger\u00e1 pelos preceitos da CLT, sujeitando-se \u00e0s normas internas e ao Plano de Cargos e Sal\u00e1rios da Empresa.<\/p>\n<p>Gabarito Cesgranrio Concurso P\u00fablico Casa da Moeda do Brasil<\/p>\n","protected":false},"excerpt":{"rendered":"<p>A Funda\u00e7\u00e3o Cesgranrio publicou o gabarito (clique aqui)\u00a0e as provas do Concurso P\u00fablico Casa da Moeda do Brasil &#8211; CBM\/RJ, realizado neste domingo, \u00a0para os cargos Agente de seguran\u00e7a, Assistente de administra\u00e7\u00e3o, Auxiliar de produ\u00e7\u00e3o, Bombeiro de inc\u00eandio, Mantenedor industrial em diversas especialidades, T\u00e9cnico de suporte, T\u00e9cnico industrial, Advogado, Analista de n\u00edvel superior, Assistente social, [&hellip;]<\/p>\n","protected":false},"author":3,"featured_media":0,"comment_status":"open","ping_status":"open","sticky":false,"template":"","format":"standard","meta":{"tdm_status":"","tdm_grid_status":"","footnotes":""},"categories":[22,352,370],"tags":[],"class_list":{"0":"post-20477","1":"post","2":"type-post","3":"status-publish","4":"format-standard","6":"category-brasil","7":"category-concursos","8":"category-inscricao"},"_links":{"self":[{"href":"https:\/\/migracao.redenoticia.com.br\/noticia\/wp-json\/wp\/v2\/posts\/20477","targetHints":{"allow":["GET"]}}],"collection":[{"href":"https:\/\/migracao.redenoticia.com.br\/noticia\/wp-json\/wp\/v2\/posts"}],"about":[{"href":"https:\/\/migracao.redenoticia.com.br\/noticia\/wp-json\/wp\/v2\/types\/post"}],"author":[{"embeddable":true,"href":"https:\/\/migracao.redenoticia.com.br\/noticia\/wp-json\/wp\/v2\/users\/3"}],"replies":[{"embeddable":true,"href":"https:\/\/migracao.redenoticia.com.br\/noticia\/wp-json\/wp\/v2\/comments?post=20477"}],"version-history":[{"count":0,"href":"https:\/\/migracao.redenoticia.com.br\/noticia\/wp-json\/wp\/v2\/posts\/20477\/revisions"}],"wp:attachment":[{"href":"https:\/\/migracao.redenoticia.com.br\/noticia\/wp-json\/wp\/v2\/media?parent=20477"}],"wp:term":[{"taxonomy":"category","embeddable":true,"href":"https:\/\/migracao.redenoticia.com.br\/noticia\/wp-json\/wp\/v2\/categories?post=20477"},{"taxonomy":"post_tag","embeddable":true,"href":"https:\/\/migracao.redenoticia.com.br\/noticia\/wp-json\/wp\/v2\/tags?post=20477"}],"curies":[{"name":"wp","href":"https:\/\/api.w.org\/{rel}","templated":true}]}}