{"id":20484,"date":"2009-12-21T15:20:52","date_gmt":"2009-12-21T19:20:52","guid":{"rendered":"http:\/\/www.redenoticia.com.br\/noticia\/?p=20484"},"modified":"2009-12-21T15:20:52","modified_gmt":"2009-12-21T19:20:52","slug":"gabarito-e-provas-do-concurso-publico-nucepe-seduc-piaui","status":"publish","type":"post","link":"https:\/\/migracao.redenoticia.com.br\/noticia\/2009\/gabarito-e-provas-do-concurso-publico-nucepe-seduc-piaui\/20484","title":{"rendered":"Gabarito e provas do concurso p\u00fablico NUCEPE &#8211; SEDUC Piau\u00ed"},"content":{"rendered":"<p>O <strong><em>Gabarito e provas do concurso p\u00fablico SEDUC Piau\u00ed<\/em><\/strong>\u00a0foram publicados no site da <a href=\"http:\/\/nucepe.uespi.br\/seduc2009.php\" target=\"_blank\"><strong><em>NUCEPE UESPI<\/em><\/strong>\u00a0(Clique aqui<\/a>). O Resultado Final do Concurso P\u00fablico corresponder\u00e1 \u00e0 soma do total de pontos obtidos na Prova Escrita. Somente ser\u00e3o Classificados os candidatos que estiverem dentro do limite de 02 (duas) vezes o n\u00famero de vagas estabelecidas.<\/p>\n<p>Ser\u00e3o considerados ELIMINADOS os candidatos que estiverem fora do limite de 02 (duas) vezes o n\u00famero de vagas estabelecidas no Edital.<\/p>\n<p>Somente ser\u00e1 considerado APROVADO o candidato classificado dentro do limite de vagas estabelecidas pelo Edital considerando munic\u00edpio de lota\u00e7\u00e3o\/\u00e1rea.<\/p>\n<p>O candidato CLASSIFICADO fora do limite de vagas estabelecidas por este Edital, por sua vez, somente ser\u00e1 investido no cargo, no caso de vac\u00e2ncia, exclusivamente, por desist\u00eancia de candidato APROVADO. O candidato portador de defici\u00eancia concorre em igualdade de condi\u00e7\u00f5es com os demais candidatos, para o provimento dos cargos cujas atribui\u00e7\u00f5es sejam compat\u00edveis com a defici\u00eancia de que \u00e9 portador, conforme preceitua o Art. 41, Incisos I ao IV, do Decreto Federal 3.298\/99. Em hip\u00f3tese alguma haver\u00e1 classifica\u00e7\u00e3o de candidatos considerados ELIMINADOS neste Concurso P\u00fablico.<\/p>\n<p>A aprova\u00e7\u00e3o e classifica\u00e7\u00e3o do candidato, dentro das vagas fixadas, n\u00e3o gera qualquer direito, al\u00e9m da expedi\u00e7\u00e3o de documento declarat\u00f3rio do resultado obtido, mediante requerimento do interessado, no termos do art. 5\u00ba, Inciso<\/p>\n<p>XXXIV, letra \u201cb\u201d, da Constitui\u00e7\u00e3o Federal.<\/p>\n<p>Agenda &#8211; Divulga\u00e7\u00e3o do Gabarito Oficial 21.12.2009.<\/p>\n<p>Recursos contra quest\u00f5es e gabarito da Prova Escrita Objetiva 22 e 23.12.2009.<\/p>\n<p>Resultado dos Recursos contra quest\u00f5es e gabarito da Prova Escrita Objetiva At\u00e9 08.01.2010.<\/p>\n<p>Resultado da Prova Escrita Objetiva e Convoca\u00e7\u00e3o para entrega dos T\u00edtulos At\u00e9 13.01.2010.<\/p>\n<p>Entrega dos T\u00edtulos\u00a0Data a ser divulgada na\u00a0publica\u00e7\u00e3o da Lista de\u00a0Convoca\u00e7\u00e3o.<\/p>\n<p>Resultado da Avalia\u00e7\u00e3o de T\u00edtulos At\u00e9 03.02.2010.<\/p>\n<p>Recursos contra o Resultado da Avalia\u00e7\u00e3o dos T\u00edtulos\u00a0A divulgar na publica\u00e7\u00e3o\u00a0do Resultado da\u00a0Avalia\u00e7\u00e3o de T\u00edtulos .<\/p>\n<p>Resultado dos recursos contra a Avalia\u00e7\u00e3o de T\u00edtulos At\u00e9 12.02.2010.<\/p>\n<p>Resultado Final At\u00e9 19.02.2010.<\/p>\n","protected":false},"excerpt":{"rendered":"<p>O Gabarito e provas do concurso p\u00fablico SEDUC Piau\u00ed\u00a0foram publicados no site da NUCEPE UESPI\u00a0(Clique aqui). O Resultado Final do Concurso P\u00fablico corresponder\u00e1 \u00e0 soma do total de pontos obtidos na Prova Escrita. Somente ser\u00e3o Classificados os candidatos que estiverem dentro do limite de 02 (duas) vezes o n\u00famero de vagas estabelecidas. Ser\u00e3o considerados ELIMINADOS [&hellip;]<\/p>\n","protected":false},"author":3,"featured_media":0,"comment_status":"open","ping_status":"open","sticky":false,"template":"","format":"standard","meta":{"tdm_status":"","tdm_grid_status":"","footnotes":""},"categories":[22,352,370],"tags":[],"class_list":{"0":"post-20484","1":"post","2":"type-post","3":"status-publish","4":"format-standard","6":"category-brasil","7":"category-concursos","8":"category-inscricao"},"_links":{"self":[{"href":"https:\/\/migracao.redenoticia.com.br\/noticia\/wp-json\/wp\/v2\/posts\/20484","targetHints":{"allow":["GET"]}}],"collection":[{"href":"https:\/\/migracao.redenoticia.com.br\/noticia\/wp-json\/wp\/v2\/posts"}],"about":[{"href":"https:\/\/migracao.redenoticia.com.br\/noticia\/wp-json\/wp\/v2\/types\/post"}],"author":[{"embeddable":true,"href":"https:\/\/migracao.redenoticia.com.br\/noticia\/wp-json\/wp\/v2\/users\/3"}],"replies":[{"embeddable":true,"href":"https:\/\/migracao.redenoticia.com.br\/noticia\/wp-json\/wp\/v2\/comments?post=20484"}],"version-history":[{"count":0,"href":"https:\/\/migracao.redenoticia.com.br\/noticia\/wp-json\/wp\/v2\/posts\/20484\/revisions"}],"wp:attachment":[{"href":"https:\/\/migracao.redenoticia.com.br\/noticia\/wp-json\/wp\/v2\/media?parent=20484"}],"wp:term":[{"taxonomy":"category","embeddable":true,"href":"https:\/\/migracao.redenoticia.com.br\/noticia\/wp-json\/wp\/v2\/categories?post=20484"},{"taxonomy":"post_tag","embeddable":true,"href":"https:\/\/migracao.redenoticia.com.br\/noticia\/wp-json\/wp\/v2\/tags?post=20484"}],"curies":[{"name":"wp","href":"https:\/\/api.w.org\/{rel}","templated":true}]}}