{"id":204840,"date":"2021-03-30T13:33:22","date_gmt":"2021-03-30T16:33:22","guid":{"rendered":"https:\/\/www.redenoticia.com.br\/noticia\/?p=204840"},"modified":"2021-03-30T13:33:22","modified_gmt":"2021-03-30T16:33:22","slug":"resumo-amor-de-mae-31-03-belizario-atira-contra-davi","status":"publish","type":"post","link":"https:\/\/migracao.redenoticia.com.br\/noticia\/2021\/resumo-amor-de-mae-31-03-belizario-atira-contra-davi\/204840","title":{"rendered":"Resumo \u201cAmor de M\u00e3e\u201d 31\/03:  Beliz\u00e1rio atira contra Davi"},"content":{"rendered":"<p><img loading=\"lazy\" decoding=\"async\" src=\"https:\/\/migracao.redenoticia.com.br\/noticia\/imagens\/resumo-amor-de-mae-personagens-resumo-novela-das-nove-novela-da-globo.jpg\" alt=\"\" width=\"1280\" height=\"720\" class=\"aligncenter size-full wp-image-195140\" srcset=\"https:\/\/migracao.redenoticia.com.br\/noticia\/imagens\/resumo-amor-de-mae-personagens-resumo-novela-das-nove-novela-da-globo.jpg 1280w, https:\/\/migracao.redenoticia.com.br\/noticia\/imagens\/resumo-amor-de-mae-personagens-resumo-novela-das-nove-novela-da-globo-250x140.jpg 250w, https:\/\/migracao.redenoticia.com.br\/noticia\/imagens\/resumo-amor-de-mae-personagens-resumo-novela-das-nove-novela-da-globo-400x225.jpg 400w, https:\/\/migracao.redenoticia.com.br\/noticia\/imagens\/resumo-amor-de-mae-personagens-resumo-novela-das-nove-novela-da-globo-768x432.jpg 768w, https:\/\/migracao.redenoticia.com.br\/noticia\/imagens\/resumo-amor-de-mae-personagens-resumo-novela-das-nove-novela-da-globo-150x85.jpg 150w, https:\/\/migracao.redenoticia.com.br\/noticia\/imagens\/resumo-amor-de-mae-personagens-resumo-novela-das-nove-novela-da-globo-696x392.jpg 696w, https:\/\/migracao.redenoticia.com.br\/noticia\/imagens\/resumo-amor-de-mae-personagens-resumo-novela-das-nove-novela-da-globo-1068x601.jpg 1068w\" sizes=\"auto, (max-width: 1280px) 100vw, 1280px\" \/><\/p>\n<p><em><strong>Resumo novela \u201cAmor de M\u00e3e\u201d<\/strong><\/em> em 31\/03: no cap\u00edtulo 123(*) da novela,  Verena teme ser reconhecida como corrupta. Raul conversa firmemente com Vit\u00f3ria e Sandro sobre seus novos planos de vida. A obra de \u00c1lvaro \u00e9 embargada, e o empres\u00e1rio exige que Beliz\u00e1rio se vingue de Davi.<\/p>\n<p>Durval presenteia Nat\u00e1lia. Miriam alerta Davi, e \u00c9rica convence o namorado a deixar a cidade. Daisy revela a Sandro que descobriu quem est\u00e1 envolvido no desaparecimento de Lurdes. Beliz\u00e1rio atira contra Davi.<\/p>\n<p>(*) edi\u00e7\u00e3o das novelas da Globo, \u201cAmor de M\u00e3e\u201d, sujeito a altera\u00e7\u00e3o de data e conte\u00fado.<\/p>\n<p>Sinopse \u201cAmor de M\u00e3e\u201d: Tr\u00eas mulheres de classes sociais diferentes vivem seus dilemas como m\u00e3es: Lurdes (Regina Cas\u00e9) \u00e9 uma mulher nordestina batalhadora, que teve quatro filhos: Magno (Juliano Cazarr\u00e9), \u00c9rica (Nanda Costa), Ryan (Thiago Martins) e Dom\u00eanico (Humberto Carr\u00e3o) \u2013 vendido aos 2 anos escondido pelo seu ex-marido para a traficante de crian\u00e7as K\u00e1tia (Vera Holtz). Sabendo que ele foi enviado para Rio de Janeiro, ela partiu para l\u00e1 com os filhos em 1993 e, no caminho, encontrou uma rec\u00e9m-nascida abandonada, Camila (J\u00e9ssica Ellen), a quem decide criar.<\/p>\n<p>Lourdes \u00e9 amiga de Thelma (Adriana Esteves), uma vi\u00fava que perdeu o marido em um inc\u00eandio e desde ent\u00e3o passou a superproteger o filho, Danilo (Chay Suede). Vit\u00f3ria (Ta\u00eds Ara\u00fajo) \u00e9 uma advogada rica, mas infeliz por acreditar ser est\u00e9ril. Ela adota Tiago (Pedro Guilherme Rodrigues) e contrata Lurdes como bab\u00e1, mas fica gr\u00e1vida ap\u00f3s um encontro com o ambientalista Davi (Vladimir Brichta).<\/p>\n","protected":false},"excerpt":{"rendered":"<p>Resumo novela \u201cAmor de M\u00e3e\u201d em 31\/03: no cap\u00edtulo 123(*) da novela, Verena teme ser reconhecida como corrupta. Raul conversa firmemente com Vit\u00f3ria e Sandro sobre seus novos planos de vida. A obra de \u00c1lvaro \u00e9 embargada, e o empres\u00e1rio exige que Beliz\u00e1rio se vingue de Davi. Durval presenteia Nat\u00e1lia. Miriam alerta Davi, e \u00c9rica [&hellip;]<\/p>\n","protected":false},"author":4,"featured_media":195139,"comment_status":"closed","ping_status":"closed","sticky":false,"template":"","format":"standard","meta":{"tdm_status":"","tdm_grid_status":"","footnotes":""},"categories":[550,379,375,2025,343],"tags":[441],"class_list":{"0":"post-204840","1":"post","2":"type-post","3":"status-publish","4":"format-standard","5":"has-post-thumbnail","7":"category-amor-de-mae","8":"category-novelas","9":"category-rede-globo","10":"category-resumo","11":"category-televisao","12":"tag-resumo-do-dia"},"_links":{"self":[{"href":"https:\/\/migracao.redenoticia.com.br\/noticia\/wp-json\/wp\/v2\/posts\/204840","targetHints":{"allow":["GET"]}}],"collection":[{"href":"https:\/\/migracao.redenoticia.com.br\/noticia\/wp-json\/wp\/v2\/posts"}],"about":[{"href":"https:\/\/migracao.redenoticia.com.br\/noticia\/wp-json\/wp\/v2\/types\/post"}],"author":[{"embeddable":true,"href":"https:\/\/migracao.redenoticia.com.br\/noticia\/wp-json\/wp\/v2\/users\/4"}],"replies":[{"embeddable":true,"href":"https:\/\/migracao.redenoticia.com.br\/noticia\/wp-json\/wp\/v2\/comments?post=204840"}],"version-history":[{"count":0,"href":"https:\/\/migracao.redenoticia.com.br\/noticia\/wp-json\/wp\/v2\/posts\/204840\/revisions"}],"wp:featuredmedia":[{"embeddable":true,"href":"https:\/\/migracao.redenoticia.com.br\/noticia\/wp-json\/wp\/v2\/media\/195139"}],"wp:attachment":[{"href":"https:\/\/migracao.redenoticia.com.br\/noticia\/wp-json\/wp\/v2\/media?parent=204840"}],"wp:term":[{"taxonomy":"category","embeddable":true,"href":"https:\/\/migracao.redenoticia.com.br\/noticia\/wp-json\/wp\/v2\/categories?post=204840"},{"taxonomy":"post_tag","embeddable":true,"href":"https:\/\/migracao.redenoticia.com.br\/noticia\/wp-json\/wp\/v2\/tags?post=204840"}],"curies":[{"name":"wp","href":"https:\/\/api.w.org\/{rel}","templated":true}]}}