{"id":204934,"date":"2021-04-01T13:13:38","date_gmt":"2021-04-01T16:13:38","guid":{"rendered":"https:\/\/www.redenoticia.com.br\/noticia\/?p=204934"},"modified":"2021-04-01T13:13:38","modified_gmt":"2021-04-01T16:13:38","slug":"resumo-a-vida-da-gente-02-04-rodrigo-e-manuela-conversam-com-psicologa-sobre-julia","status":"publish","type":"post","link":"https:\/\/migracao.redenoticia.com.br\/noticia\/2021\/resumo-a-vida-da-gente-02-04-rodrigo-e-manuela-conversam-com-psicologa-sobre-julia\/204934","title":{"rendered":"Resumo \u201cA Vida da Gente\u201d 02\/04: Rodrigo e Manuela conversam com psic\u00f3loga sobre J\u00falia"},"content":{"rendered":"<p><img loading=\"lazy\" decoding=\"async\" src=\"https:\/\/migracao.redenoticia.com.br\/noticia\/imagens\/a-vida-da-gente-elenco-principal.jpg\" alt=\"\" width=\"1280\" height=\"720\" class=\"aligncenter size-full wp-image-203501\" srcset=\"https:\/\/migracao.redenoticia.com.br\/noticia\/imagens\/a-vida-da-gente-elenco-principal.jpg 1280w, https:\/\/migracao.redenoticia.com.br\/noticia\/imagens\/a-vida-da-gente-elenco-principal-250x140.jpg 250w, https:\/\/migracao.redenoticia.com.br\/noticia\/imagens\/a-vida-da-gente-elenco-principal-400x225.jpg 400w, https:\/\/migracao.redenoticia.com.br\/noticia\/imagens\/a-vida-da-gente-elenco-principal-768x432.jpg 768w, https:\/\/migracao.redenoticia.com.br\/noticia\/imagens\/a-vida-da-gente-elenco-principal-150x85.jpg 150w\" sizes=\"auto, (max-width: 1280px) 100vw, 1280px\" \/><\/p>\n<p><em><strong>Resumo da novela \u201cA Vida da Gente\u201d<\/strong><\/em> em 02\/04: no cap\u00edtulo 029(*) da novela, Louren\u00e7o garante a Celina que entregar\u00e1 os originais de seu livro na editora. A pedido de Laudelino, Lorena procura In\u00e1. Vit\u00f3ria conversa com Marcos sobre Dora e aumenta ainda mais a sua desconfian\u00e7a. Louren\u00e7o se desaponta quando o editor afirma que n\u00e3o lan\u00e7ar\u00e1 o livro que ele escreveu. Laudelino tenta se reaproximar de In\u00e1. Vit\u00f3ria obriga Dora a ficar com Ol\u00edvia para o lanche em sua casa.<\/p>\n<p>Manuela comenta com L\u00facio que postou em seu blog uma entrevista de Ana sobre o trabalho que gostaria de fazer na ONG. Cris tenta falar com Jonas na academia, mas ele n\u00e3o d\u00e1 lhe aten\u00e7\u00e3o. Rodrigo e Manuela v\u00e3o conversar com uma psic\u00f3loga sobre J\u00falia. Dora fica tensa com os questionamentos de Vit\u00f3ria. Jonas faz as pazes com Cris e pensa em fazer uma proposta para que seu irm\u00e3o, Louren\u00e7o, seja o doador da insemina\u00e7\u00e3o.<\/p>\n<p>(*) edi\u00e7\u00e3o das novelas da Globo, \u201cA Vida da Gente\u201d, sujeito a altera\u00e7\u00e3o de data e conte\u00fado.<\/p>\n<p>Sinopse \u201cA Vida da Gente\u201d: Dois jovens, criados como irm\u00e3os, se apaixonam perdidamente, tendo de enfrentar a contrariedade de seus pais. Ana (Fernanda Vasconcellos) e Rodrigo (Rafael Cardoso) s\u00e3o filhos, respectivamente, de Eva (Ana Beatriz Nogueira) e Jonas (Paulo Betti), que, casados, criam juntos seus filhos de outras rela\u00e7\u00f5es. Ana tem uma irm\u00e3, Manuela (Marjorie Estiano), preterida por sua m\u00e3e. Ana descobre estar gr\u00e1vida. Antes de dar a not\u00edcia a Rodrigo, ela acaba aceitando o plano de sua m\u00e3e: esconder a gravidez. Ao nascer, a crian\u00e7a seria entregue \u00e0 ado\u00e7\u00e3o. Um acidente muda o destino da fam\u00edlia. Ana entra em um coma profundo e, segundo os m\u00e9dicos, talvez irrevers\u00edvel.<\/p>\n","protected":false},"excerpt":{"rendered":"<p>Resumo da novela \u201cA Vida da Gente\u201d em 02\/04: no cap\u00edtulo 029(*) da novela, Louren\u00e7o garante a Celina que entregar\u00e1 os originais de seu livro na editora. A pedido de Laudelino, Lorena procura In\u00e1. Vit\u00f3ria conversa com Marcos sobre Dora e aumenta ainda mais a sua desconfian\u00e7a. Louren\u00e7o se desaponta quando o editor afirma que [&hellip;]<\/p>\n","protected":false},"author":4,"featured_media":203502,"comment_status":"closed","ping_status":"closed","sticky":false,"template":"","format":"standard","meta":{"tdm_status":"","tdm_grid_status":"","footnotes":""},"categories":[2190,379,375,2025,343],"tags":[441],"class_list":{"0":"post-204934","1":"post","2":"type-post","3":"status-publish","4":"format-standard","5":"has-post-thumbnail","7":"category-a-vida-da-gente","8":"category-novelas","9":"category-rede-globo","10":"category-resumo","11":"category-televisao","12":"tag-resumo-do-dia"},"_links":{"self":[{"href":"https:\/\/migracao.redenoticia.com.br\/noticia\/wp-json\/wp\/v2\/posts\/204934","targetHints":{"allow":["GET"]}}],"collection":[{"href":"https:\/\/migracao.redenoticia.com.br\/noticia\/wp-json\/wp\/v2\/posts"}],"about":[{"href":"https:\/\/migracao.redenoticia.com.br\/noticia\/wp-json\/wp\/v2\/types\/post"}],"author":[{"embeddable":true,"href":"https:\/\/migracao.redenoticia.com.br\/noticia\/wp-json\/wp\/v2\/users\/4"}],"replies":[{"embeddable":true,"href":"https:\/\/migracao.redenoticia.com.br\/noticia\/wp-json\/wp\/v2\/comments?post=204934"}],"version-history":[{"count":0,"href":"https:\/\/migracao.redenoticia.com.br\/noticia\/wp-json\/wp\/v2\/posts\/204934\/revisions"}],"wp:featuredmedia":[{"embeddable":true,"href":"https:\/\/migracao.redenoticia.com.br\/noticia\/wp-json\/wp\/v2\/media\/203502"}],"wp:attachment":[{"href":"https:\/\/migracao.redenoticia.com.br\/noticia\/wp-json\/wp\/v2\/media?parent=204934"}],"wp:term":[{"taxonomy":"category","embeddable":true,"href":"https:\/\/migracao.redenoticia.com.br\/noticia\/wp-json\/wp\/v2\/categories?post=204934"},{"taxonomy":"post_tag","embeddable":true,"href":"https:\/\/migracao.redenoticia.com.br\/noticia\/wp-json\/wp\/v2\/tags?post=204934"}],"curies":[{"name":"wp","href":"https:\/\/api.w.org\/{rel}","templated":true}]}}