{"id":204961,"date":"2021-04-02T12:38:49","date_gmt":"2021-04-02T15:38:49","guid":{"rendered":"https:\/\/www.redenoticia.com.br\/noticia\/?p=204961"},"modified":"2021-04-02T12:38:49","modified_gmt":"2021-04-02T15:38:49","slug":"resumo-chiquititas-03-04-junior-investiga-relacao-entre-fernando-e-jose-ricardo","status":"publish","type":"post","link":"https:\/\/migracao.redenoticia.com.br\/noticia\/2021\/resumo-chiquititas-03-04-junior-investiga-relacao-entre-fernando-e-jose-ricardo\/204961","title":{"rendered":"Resumo \u201cChiquititas\u201d 03\/04: Junior investiga rela\u00e7\u00e3o entre Fernando e Jos\u00e9 Ricardo"},"content":{"rendered":"<p><img loading=\"lazy\" decoding=\"async\" class=\"aligncenter size-full wp-image-195897\" src=\"https:\/\/migracao.redenoticia.com.br\/noticia\/imagens\/chiquititas-resumo-sinopse.jpg\" alt=\"\" width=\"1280\" height=\"720\" srcset=\"https:\/\/migracao.redenoticia.com.br\/noticia\/imagens\/chiquititas-resumo-sinopse.jpg 1280w, https:\/\/migracao.redenoticia.com.br\/noticia\/imagens\/chiquititas-resumo-sinopse-250x140.jpg 250w, https:\/\/migracao.redenoticia.com.br\/noticia\/imagens\/chiquititas-resumo-sinopse-400x225.jpg 400w, https:\/\/migracao.redenoticia.com.br\/noticia\/imagens\/chiquititas-resumo-sinopse-768x432.jpg 768w, https:\/\/migracao.redenoticia.com.br\/noticia\/imagens\/chiquititas-resumo-sinopse-150x85.jpg 150w, https:\/\/migracao.redenoticia.com.br\/noticia\/imagens\/chiquititas-resumo-sinopse-696x392.jpg 696w, https:\/\/migracao.redenoticia.com.br\/noticia\/imagens\/chiquititas-resumo-sinopse-1068x601.jpg 1068w\" sizes=\"auto, (max-width: 1280px) 100vw, 1280px\" \/><\/p>\n<p><strong><em>Resumo da novela \u201cChiquititas\u201d<\/em><\/strong> em 03\/04: no cap\u00edtulo 201(*) da novela, Mosca decide conversar com Vivi para explicar que gosta de Mili. Vivi acaba compreendendo e diz que n\u00e3o vai mais criar empecilhos para os dois namorarem. Mosca sai feliz e agradece Vivi, sua ex-namorada. Marian escuta a conversa e diz para Vivi que acha um absurdo uma amiga namorar o ex de outra e que isso seria uma grande &#8220;mancada&#8221;, que n\u00e3o merece perd\u00e3o. Na grava\u00e7\u00e3o do seriado, o diretor diz que durante as filmagens Clarita decidir\u00e1 com qual dos pr\u00edncipes seu personagem ficar\u00e1, se ser\u00e1 com o interpretado por Francis ou o por Beto. Mosca vai conversar com Mili e diz que Vivi concordou que n\u00e3o faz sentido impedir os dois namorarem. Os dois est\u00e3o prestes a se beijar e Marian aparece para interromper. A menina malvada diz que Vivi est\u00e1 chorando no quarto por conta dela. Mili conta para Mosca que Vivi se arrependeu. Mosca fica bravo e diz que Mili n\u00e3o liga para seus sentimentos e que a partir de agora ele n\u00e3o quer mais envolvimento &#8220;Ser\u00e1 apenas bom dia, boa tarde e boa noite&#8221;.<\/p>\n<p>Mili chora muito. No momento da decis\u00e3o, na grava\u00e7\u00e3o, Clarita sai correndo vestida de princesa e foge do est\u00fadio. Beto e Francis perseguem a amada na vida real, mas Francis \u00e9 o primeiro a alcan\u00e7ar Clarita, que est\u00e1 numa pra\u00e7a, chorando. Todos voltam ao est\u00fadio e Clarita escolhe o pr\u00edncipe interpretado por Francis. Na casa de Fernando, Carol percebe uma correspond\u00eancia destinada a Jos\u00e9 Ricardo Almeida Campos e n\u00e3o compreende. Fernando inventa que foi enviada por engano, mas que deixar\u00e1 no Caf\u00e9 Boutique. Carol fica ainda mais desconfiada de que existe algo de errado. Carol vai at\u00e9 o Caf\u00e9 Boutique conversar com Junior. Junior diz que vai investigar se houve uma rela\u00e7\u00e3o entre Fernando e Jos\u00e9 Ricardo. Carol comemora os esfor\u00e7os de Vivi nas provas e diz que a levar\u00e1 at\u00e9 a ag\u00eancia de modelo que tanto sonha. No escrit\u00f3rio do Caf\u00e9 Boutique, Junior olha uma caixa com objetos deixados por seu pai. Ele acha um documento e fica surpreso.<\/p>\n<p>(*) edi\u00e7\u00e3o das novelas do SBT, \u201cChiquititas\u201d, sujeito a altera\u00e7\u00e3o de data e conte\u00fado.<\/p>\n","protected":false},"excerpt":{"rendered":"<p>Resumo da novela \u201cChiquititas\u201d em 03\/04: no cap\u00edtulo 201(*) da novela, Mosca decide conversar com Vivi para explicar que gosta de Mili. Vivi acaba compreendendo e diz que n\u00e3o vai mais criar empecilhos para os dois namorarem. Mosca sai feliz e agradece Vivi, sua ex-namorada. Marian escuta a conversa e diz para Vivi que acha [&hellip;]<\/p>\n","protected":false},"author":4,"featured_media":195894,"comment_status":"closed","ping_status":"closed","sticky":false,"template":"","format":"standard","meta":{"tdm_status":"","tdm_grid_status":"","footnotes":""},"categories":[409,379,2025,372,343],"tags":[441],"class_list":{"0":"post-204961","1":"post","2":"type-post","3":"status-publish","4":"format-standard","5":"has-post-thumbnail","7":"category-chiquititas","8":"category-novelas","9":"category-resumo","10":"category-sbt","11":"category-televisao","12":"tag-resumo-do-dia"},"_links":{"self":[{"href":"https:\/\/migracao.redenoticia.com.br\/noticia\/wp-json\/wp\/v2\/posts\/204961","targetHints":{"allow":["GET"]}}],"collection":[{"href":"https:\/\/migracao.redenoticia.com.br\/noticia\/wp-json\/wp\/v2\/posts"}],"about":[{"href":"https:\/\/migracao.redenoticia.com.br\/noticia\/wp-json\/wp\/v2\/types\/post"}],"author":[{"embeddable":true,"href":"https:\/\/migracao.redenoticia.com.br\/noticia\/wp-json\/wp\/v2\/users\/4"}],"replies":[{"embeddable":true,"href":"https:\/\/migracao.redenoticia.com.br\/noticia\/wp-json\/wp\/v2\/comments?post=204961"}],"version-history":[{"count":0,"href":"https:\/\/migracao.redenoticia.com.br\/noticia\/wp-json\/wp\/v2\/posts\/204961\/revisions"}],"wp:featuredmedia":[{"embeddable":true,"href":"https:\/\/migracao.redenoticia.com.br\/noticia\/wp-json\/wp\/v2\/media\/195894"}],"wp:attachment":[{"href":"https:\/\/migracao.redenoticia.com.br\/noticia\/wp-json\/wp\/v2\/media?parent=204961"}],"wp:term":[{"taxonomy":"category","embeddable":true,"href":"https:\/\/migracao.redenoticia.com.br\/noticia\/wp-json\/wp\/v2\/categories?post=204961"},{"taxonomy":"post_tag","embeddable":true,"href":"https:\/\/migracao.redenoticia.com.br\/noticia\/wp-json\/wp\/v2\/tags?post=204961"}],"curies":[{"name":"wp","href":"https:\/\/api.w.org\/{rel}","templated":true}]}}