{"id":204967,"date":"2021-04-02T12:46:36","date_gmt":"2021-04-02T15:46:36","guid":{"rendered":"https:\/\/www.redenoticia.com.br\/noticia\/?p=204967"},"modified":"2021-04-02T12:46:36","modified_gmt":"2021-04-02T15:46:36","slug":"resumo-amor-de-mae-03-04-danilo-questiona-thelma-sobre-a-doacao","status":"publish","type":"post","link":"https:\/\/migracao.redenoticia.com.br\/noticia\/2021\/resumo-amor-de-mae-03-04-danilo-questiona-thelma-sobre-a-doacao\/204967","title":{"rendered":"Resumo \u201cAmor de M\u00e3e\u201d 03\/04: Danilo questiona Thelma sobre a doa\u00e7\u00e3o"},"content":{"rendered":"<p><img loading=\"lazy\" decoding=\"async\" src=\"https:\/\/migracao.redenoticia.com.br\/noticia\/imagens\/resumo-amor-de-mae-personagens-resumo-novela-das-nove-novela-da-globo.jpg\" alt=\"\" width=\"1280\" height=\"720\" class=\"aligncenter size-full wp-image-195140\" srcset=\"https:\/\/migracao.redenoticia.com.br\/noticia\/imagens\/resumo-amor-de-mae-personagens-resumo-novela-das-nove-novela-da-globo.jpg 1280w, https:\/\/migracao.redenoticia.com.br\/noticia\/imagens\/resumo-amor-de-mae-personagens-resumo-novela-das-nove-novela-da-globo-250x140.jpg 250w, https:\/\/migracao.redenoticia.com.br\/noticia\/imagens\/resumo-amor-de-mae-personagens-resumo-novela-das-nove-novela-da-globo-400x225.jpg 400w, https:\/\/migracao.redenoticia.com.br\/noticia\/imagens\/resumo-amor-de-mae-personagens-resumo-novela-das-nove-novela-da-globo-768x432.jpg 768w, https:\/\/migracao.redenoticia.com.br\/noticia\/imagens\/resumo-amor-de-mae-personagens-resumo-novela-das-nove-novela-da-globo-150x85.jpg 150w, https:\/\/migracao.redenoticia.com.br\/noticia\/imagens\/resumo-amor-de-mae-personagens-resumo-novela-das-nove-novela-da-globo-696x392.jpg 696w, https:\/\/migracao.redenoticia.com.br\/noticia\/imagens\/resumo-amor-de-mae-personagens-resumo-novela-das-nove-novela-da-globo-1068x601.jpg 1068w\" sizes=\"auto, (max-width: 1280px) 100vw, 1280px\" \/><\/p>\n<p><em><strong>Resumo novela \u201cAmor de M\u00e3e\u201d<\/strong><\/em> em 03\/04: no cap\u00edtulo 126(*) da novela,  Thelma se desespera com a acusa\u00e7\u00e3o de Camila e ajuda Veiga a fugir. Edilene avisa a Vit\u00f3ria que Robson descobriu seu paradeiro, e Raul se alarma. \u00c9rica conversa com Davi, que segue em coma. \u00c1lvaro pede que Penha aja contra Lucas e lhe consiga um passaporte falso. Vit\u00f3ria percebe que est\u00e1 sendo seguida. Nicete afirma a Betina que est\u00e1 bem na casa de Verena com J\u00fanior.<\/p>\n<p>Thelma culpa Camila por tudo de ruim que aconteceu em sua vida. Carol incentiva Durval a se aproximar de Nat\u00e1lia. Camila e Danilo n\u00e3o conseguem rastrear o carro de Veiga. Camila lembra de Veiga. Durval e Nat\u00e1lia se beijam. Danilo questiona Thelma sobre a doa\u00e7\u00e3o feita a Paula e Eud\u00e9sio.<\/p>\n<p>(*) edi\u00e7\u00e3o das novelas da Globo, \u201cAmor de M\u00e3e\u201d, sujeito a altera\u00e7\u00e3o de data e conte\u00fado.<\/p>\n<p>Sinopse \u201cAmor de M\u00e3e\u201d: Tr\u00eas mulheres de classes sociais diferentes vivem seus dilemas como m\u00e3es: Lurdes (Regina Cas\u00e9) \u00e9 uma mulher nordestina batalhadora, que teve quatro filhos: Magno (Juliano Cazarr\u00e9), \u00c9rica (Nanda Costa), Ryan (Thiago Martins) e Dom\u00eanico (Humberto Carr\u00e3o) \u2013 vendido aos 2 anos escondido pelo seu ex-marido para a traficante de crian\u00e7as K\u00e1tia (Vera Holtz). Sabendo que ele foi enviado para Rio de Janeiro, ela partiu para l\u00e1 com os filhos em 1993 e, no caminho, encontrou uma rec\u00e9m-nascida abandonada, Camila (J\u00e9ssica Ellen), a quem decide criar.<\/p>\n<p>Lourdes \u00e9 amiga de Thelma (Adriana Esteves), uma vi\u00fava que perdeu o marido em um inc\u00eandio e desde ent\u00e3o passou a superproteger o filho, Danilo (Chay Suede). Vit\u00f3ria (Ta\u00eds Ara\u00fajo) \u00e9 uma advogada rica, mas infeliz por acreditar ser est\u00e9ril. Ela adota Tiago (Pedro Guilherme Rodrigues) e contrata Lurdes como bab\u00e1, mas fica gr\u00e1vida ap\u00f3s um encontro com o ambientalista Davi (Vladimir Brichta).<\/p>\n","protected":false},"excerpt":{"rendered":"<p>Resumo novela \u201cAmor de M\u00e3e\u201d em 03\/04: no cap\u00edtulo 126(*) da novela, Thelma se desespera com a acusa\u00e7\u00e3o de Camila e ajuda Veiga a fugir. Edilene avisa a Vit\u00f3ria que Robson descobriu seu paradeiro, e Raul se alarma. \u00c9rica conversa com Davi, que segue em coma. \u00c1lvaro pede que Penha aja contra Lucas e lhe [&hellip;]<\/p>\n","protected":false},"author":4,"featured_media":195139,"comment_status":"closed","ping_status":"closed","sticky":false,"template":"","format":"standard","meta":{"tdm_status":"","tdm_grid_status":"","footnotes":""},"categories":[550,379,375,2025,343],"tags":[441],"class_list":{"0":"post-204967","1":"post","2":"type-post","3":"status-publish","4":"format-standard","5":"has-post-thumbnail","7":"category-amor-de-mae","8":"category-novelas","9":"category-rede-globo","10":"category-resumo","11":"category-televisao","12":"tag-resumo-do-dia"},"_links":{"self":[{"href":"https:\/\/migracao.redenoticia.com.br\/noticia\/wp-json\/wp\/v2\/posts\/204967","targetHints":{"allow":["GET"]}}],"collection":[{"href":"https:\/\/migracao.redenoticia.com.br\/noticia\/wp-json\/wp\/v2\/posts"}],"about":[{"href":"https:\/\/migracao.redenoticia.com.br\/noticia\/wp-json\/wp\/v2\/types\/post"}],"author":[{"embeddable":true,"href":"https:\/\/migracao.redenoticia.com.br\/noticia\/wp-json\/wp\/v2\/users\/4"}],"replies":[{"embeddable":true,"href":"https:\/\/migracao.redenoticia.com.br\/noticia\/wp-json\/wp\/v2\/comments?post=204967"}],"version-history":[{"count":0,"href":"https:\/\/migracao.redenoticia.com.br\/noticia\/wp-json\/wp\/v2\/posts\/204967\/revisions"}],"wp:featuredmedia":[{"embeddable":true,"href":"https:\/\/migracao.redenoticia.com.br\/noticia\/wp-json\/wp\/v2\/media\/195139"}],"wp:attachment":[{"href":"https:\/\/migracao.redenoticia.com.br\/noticia\/wp-json\/wp\/v2\/media?parent=204967"}],"wp:term":[{"taxonomy":"category","embeddable":true,"href":"https:\/\/migracao.redenoticia.com.br\/noticia\/wp-json\/wp\/v2\/categories?post=204967"},{"taxonomy":"post_tag","embeddable":true,"href":"https:\/\/migracao.redenoticia.com.br\/noticia\/wp-json\/wp\/v2\/tags?post=204967"}],"curies":[{"name":"wp","href":"https:\/\/api.w.org\/{rel}","templated":true}]}}