{"id":20504,"date":"2009-12-22T14:10:50","date_gmt":"2009-12-22T18:10:50","guid":{"rendered":"http:\/\/www.redenoticia.com.br\/noticia\/?p=20504"},"modified":"2009-12-22T14:10:50","modified_gmt":"2009-12-22T18:10:50","slug":"gabarito-e-provas-esaf-para-download-do-concurso-receita-federal-analista-tributario","status":"publish","type":"post","link":"https:\/\/migracao.redenoticia.com.br\/noticia\/2009\/gabarito-e-provas-esaf-para-download-do-concurso-receita-federal-analista-tributario\/20504","title":{"rendered":"Gabarito e provas ESAF para download do concurso Receita Federal Analista Tribut\u00e1rio"},"content":{"rendered":"<p>Foi divulgado e disponibilizado o download do <strong><em>g<\/em><\/strong><strong><em>abarito e provas<\/em><\/strong> <a href=\"http:\/\/www.esaf.fazenda.gov.br\/concursos\/concursos_selecoes\/ATRFB-2009\/index.html\" target=\"_blank\"><strong>ESAF<\/strong> (clique aqui)<\/a> do <strong><em>concurso RF &#8211; Receita Federal &#8211; Analista Tribut\u00e1rio<\/em><\/strong>, realizado dia 20\/12. Segundo o edital \u201cAdmitir-se-\u00e1 um \u00fanico recurso, por quest\u00e3o, para cada candidato, relativamente ao gabarito ou ao conte\u00fado das quest\u00f5es, desde que devidamente fundamentado. Se do exame dos recursos resultar anula\u00e7\u00e3o de quest\u00e3o, os pontos a ela correspondentes ser\u00e3o atribu\u00eddos a todos os candidatos presentes, independentemente da formula\u00e7\u00e3o de recurso\u201d.<\/p>\n<p>Se, por for\u00e7a de decis\u00e3o favor\u00e1vel a impugna\u00e7\u00f5es, houver modifica\u00e7\u00e3o do gabarito divulgado antes dos recursos, as provas ser\u00e3o corrigidas de acordo com o gabarito definitivo, n\u00e3o se admitindo recurso dessa modifica\u00e7\u00e3o decorrente das impugna\u00e7\u00f5es. O recurso dever\u00e1 ser formulado e enviado, via internet, at\u00e9 2 (dois) dias \u00fateis, contados a partir do dia seguinte ao da divulga\u00e7\u00e3o\u00a0dos gabaritos, no endere\u00e7o www.esaf.fazenda.gov.br, seguindo as orienta\u00e7\u00f5es ali contidas.<\/p>\n<p>Quanto \u00e0 prova dissertativa &#8211; o resultado provis\u00f3rio da prova dissertativa poder\u00e1 ser objeto de recurso nos 2 (dois) dias \u00fateis subsequentes \u00e0 sua publica\u00e7\u00e3o no\u00a0Di\u00e1rio Oficial da Uni\u00e3o, podendo o candidato ter vista de sua prova, por c\u00f3pia, sendo-lhe facultado, somente nessa oportunidade, o fornecimento da respectiva c\u00f3pia, no \u00d3rg\u00e3o do Minist\u00e9rio da Fazenda, constante do Anexo II deste Edital, correspondente \u00e0 localidade onde prestou a prova. Admitir-se-\u00e1 um \u00fanico recurso referente ao resultado da avalia\u00e7\u00e3o do conte\u00fado ou do uso do idioma, desde que devidamente fundamentado e remetido, via internet, no prazo recursal.<\/p>\n<p>Gabarito e provas ESAF concurso RF &#8211; Receita Federal &#8211; Analista Tribut\u00e1rio<\/p>\n","protected":false},"excerpt":{"rendered":"<p>Foi divulgado e disponibilizado o download do gabarito e provas ESAF (clique aqui) do concurso RF &#8211; Receita Federal &#8211; Analista Tribut\u00e1rio, realizado dia 20\/12. Segundo o edital \u201cAdmitir-se-\u00e1 um \u00fanico recurso, por quest\u00e3o, para cada candidato, relativamente ao gabarito ou ao conte\u00fado das quest\u00f5es, desde que devidamente fundamentado. Se do exame dos recursos resultar [&hellip;]<\/p>\n","protected":false},"author":3,"featured_media":0,"comment_status":"open","ping_status":"open","sticky":false,"template":"","format":"standard","meta":{"tdm_status":"","tdm_grid_status":"","footnotes":""},"categories":[22,352,370],"tags":[],"class_list":{"0":"post-20504","1":"post","2":"type-post","3":"status-publish","4":"format-standard","6":"category-brasil","7":"category-concursos","8":"category-inscricao"},"_links":{"self":[{"href":"https:\/\/migracao.redenoticia.com.br\/noticia\/wp-json\/wp\/v2\/posts\/20504","targetHints":{"allow":["GET"]}}],"collection":[{"href":"https:\/\/migracao.redenoticia.com.br\/noticia\/wp-json\/wp\/v2\/posts"}],"about":[{"href":"https:\/\/migracao.redenoticia.com.br\/noticia\/wp-json\/wp\/v2\/types\/post"}],"author":[{"embeddable":true,"href":"https:\/\/migracao.redenoticia.com.br\/noticia\/wp-json\/wp\/v2\/users\/3"}],"replies":[{"embeddable":true,"href":"https:\/\/migracao.redenoticia.com.br\/noticia\/wp-json\/wp\/v2\/comments?post=20504"}],"version-history":[{"count":0,"href":"https:\/\/migracao.redenoticia.com.br\/noticia\/wp-json\/wp\/v2\/posts\/20504\/revisions"}],"wp:attachment":[{"href":"https:\/\/migracao.redenoticia.com.br\/noticia\/wp-json\/wp\/v2\/media?parent=20504"}],"wp:term":[{"taxonomy":"category","embeddable":true,"href":"https:\/\/migracao.redenoticia.com.br\/noticia\/wp-json\/wp\/v2\/categories?post=20504"},{"taxonomy":"post_tag","embeddable":true,"href":"https:\/\/migracao.redenoticia.com.br\/noticia\/wp-json\/wp\/v2\/tags?post=20504"}],"curies":[{"name":"wp","href":"https:\/\/api.w.org\/{rel}","templated":true}]}}