{"id":20519,"date":"2009-12-22T16:16:43","date_gmt":"2009-12-22T20:16:43","guid":{"rendered":"http:\/\/www.redenoticia.com.br\/noticia\/?p=20519"},"modified":"2009-12-22T16:16:43","modified_gmt":"2009-12-22T20:16:43","slug":"ministerio-da-pesca-e-aquicultura-abre-edital-para-terceiro-mandato-do-conape","status":"publish","type":"post","link":"https:\/\/migracao.redenoticia.com.br\/noticia\/2009\/ministerio-da-pesca-e-aquicultura-abre-edital-para-terceiro-mandato-do-conape\/20519","title":{"rendered":"Minist\u00e9rio da Pesca e Aquicultura abre Edital para terceiro mandato do CONAPE"},"content":{"rendered":"<p>O Conselho Nacional de Aq\u00fcicultura e Pesca (CONAPE) realizar\u00e1 Assembl\u00e9ia dos tr\u00eas segmentos das entidades da Sociedade Civil Organizada, para elei\u00e7\u00e3o do terceiro mandato. O Edital de n\u00famero 05 de 18 de dezembro de 2009 foi publicado no dia 21 de dezembro.<\/p>\n<p>Participar\u00e3o das assembl\u00e9ias entidades de car\u00e1ter nacional, que tenham representa\u00e7\u00e3o em, no m\u00ednimo, 5 (cinco) estados e 2 (duas) regi\u00f5es do pa\u00eds,\u00a0\u00a0que representem os elos da cadeia produtiva (produ\u00e7\u00e3o, comercializa\u00e7\u00e3o, distribui\u00e7\u00e3o e beneficiamento, consumo), que tenham no m\u00ednimo tr\u00eas anos de exist\u00eancia e que se credenciem at\u00e9 20 de janeiro de 2010, junto \u00e0 Secretaria-Executiva do Conape , por meio de preenchimento da ficha cadastral e entrega da documenta\u00e7\u00e3o.<\/p>\n<p>As Assembl\u00e9ias acontecer\u00e3o em Bras\u00edlia no Setor Banc\u00e1rio Sul \u2013 Quadra 2 \u2013 Lote 10 \u2013 Bloco J \u2013 5\u00ba andar. Ed. Carlton Tower das 9h \u00e0s 18h em tr\u00eas datas. Destinada ao segmento empresarial, a assembl\u00e9ia acontecer\u00e1 no dia 03 de fevereiro de 2010, j\u00e1 com representantes de entidades da \u00e1rea acad\u00eamica e de pesquisa ser\u00e1 no dia 05 de fevereiro de 2010 e 09 de fevereiro de 2010 para as organiza\u00e7\u00f5es dos movimentos sociais e dos trabalhadores da pesca e da aquicultura.<\/p>\n<p>Este ser\u00e1 o terceiro mandato do Conselho, criado em 2004. \u00d3rg\u00e3o consultivo, o CONAPE tem como atribui\u00e7\u00f5es subsidiar a formula\u00e7\u00e3o e a implementa\u00e7\u00e3o de pol\u00edticas p\u00fablicas para o setor, propor estrat\u00e9gias de acompanhamento, monitoramento e avalia\u00e7\u00e3o e estimular a amplia\u00e7\u00e3o e o aperfei\u00e7oamento dos mecanismos de participa\u00e7\u00e3o e controle social no desenvolvimento da pesca e aq\u00fcicultura nacionais.<\/p>\n<p>Com representa\u00e7\u00e3o de pescadores, aquicultores, empres\u00e1rios, armadores, pesquisadores e \u00f3rg\u00e3os governamentais que t\u00eam intersec\u00e7\u00e3o com a \u00e1rea da aq\u00fcicultura e pesca, o Conselho \u00e9 composto por 54 membros, sendo 27 de \u00f3rg\u00e3os da administra\u00e7\u00e3o federal e 27 de entidades da sociedade civil organizada.<\/p>\n<p>Mais informa\u00e7\u00f5es podem ser obtidas pelo telefone (61) 3218-3809 ou pelo site:<a title=\"blocked::http:\/\/www.presidencia\/\" href=\"http:\/\/tr2.virtualtarget.com.br\/index.dma\/DmaClick?1194,16855,18381,62609,0617c1731ee1fa9bf1300001adc49f02,aHR0cDovL3d3dy5wcmVzaWRlbmNpYS8=,2\" target=\"_blank\">www.presidencia<\/a>.<a href=\"http:\/\/gov.br\/seap\" target=\"_blank\">gov.br\/seap<\/a>.<\/p>\n","protected":false},"excerpt":{"rendered":"<p>O Conselho Nacional de Aq\u00fcicultura e Pesca (CONAPE) realizar\u00e1 Assembl\u00e9ia dos tr\u00eas segmentos das entidades da Sociedade Civil Organizada, para elei\u00e7\u00e3o do terceiro mandato. O Edital de n\u00famero 05 de 18 de dezembro de 2009 foi publicado no dia 21 de dezembro. Participar\u00e3o das assembl\u00e9ias entidades de car\u00e1ter nacional, que tenham representa\u00e7\u00e3o em, no m\u00ednimo, [&hellip;]<\/p>\n","protected":false},"author":2,"featured_media":0,"comment_status":"open","ping_status":"open","sticky":false,"template":"","format":"standard","meta":{"tdm_status":"","tdm_grid_status":"","footnotes":""},"categories":[22],"tags":[],"class_list":{"0":"post-20519","1":"post","2":"type-post","3":"status-publish","4":"format-standard","6":"category-brasil"},"_links":{"self":[{"href":"https:\/\/migracao.redenoticia.com.br\/noticia\/wp-json\/wp\/v2\/posts\/20519","targetHints":{"allow":["GET"]}}],"collection":[{"href":"https:\/\/migracao.redenoticia.com.br\/noticia\/wp-json\/wp\/v2\/posts"}],"about":[{"href":"https:\/\/migracao.redenoticia.com.br\/noticia\/wp-json\/wp\/v2\/types\/post"}],"author":[{"embeddable":true,"href":"https:\/\/migracao.redenoticia.com.br\/noticia\/wp-json\/wp\/v2\/users\/2"}],"replies":[{"embeddable":true,"href":"https:\/\/migracao.redenoticia.com.br\/noticia\/wp-json\/wp\/v2\/comments?post=20519"}],"version-history":[{"count":0,"href":"https:\/\/migracao.redenoticia.com.br\/noticia\/wp-json\/wp\/v2\/posts\/20519\/revisions"}],"wp:attachment":[{"href":"https:\/\/migracao.redenoticia.com.br\/noticia\/wp-json\/wp\/v2\/media?parent=20519"}],"wp:term":[{"taxonomy":"category","embeddable":true,"href":"https:\/\/migracao.redenoticia.com.br\/noticia\/wp-json\/wp\/v2\/categories?post=20519"},{"taxonomy":"post_tag","embeddable":true,"href":"https:\/\/migracao.redenoticia.com.br\/noticia\/wp-json\/wp\/v2\/tags?post=20519"}],"curies":[{"name":"wp","href":"https:\/\/api.w.org\/{rel}","templated":true}]}}