{"id":205253,"date":"2021-04-11T21:22:19","date_gmt":"2021-04-12T00:22:19","guid":{"rendered":"https:\/\/www.redenoticia.com.br\/noticia\/?p=205253"},"modified":"2021-04-11T21:22:19","modified_gmt":"2021-04-12T00:22:19","slug":"resumo-triunfo-do-amor-12-04-medico-de-vitoria-tem-noticias-preocupantes-para-ela","status":"publish","type":"post","link":"https:\/\/migracao.redenoticia.com.br\/noticia\/2021\/resumo-triunfo-do-amor-12-04-medico-de-vitoria-tem-noticias-preocupantes-para-ela\/205253","title":{"rendered":"Resumo &#8220;Triunfo do Amor&#8221; 12\/04: m\u00e9dico de Vit\u00f3ria tem not\u00edcias preocupantes para ela"},"content":{"rendered":"<p><img loading=\"lazy\" decoding=\"async\" class=\"aligncenter size-full wp-image-200060\" src=\"https:\/\/migracao.redenoticia.com.br\/noticia\/imagens\/triunfo-do-amor-resumo-novela-capitulos-sbt.jpg\" alt=\"\" width=\"1280\" height=\"720\" srcset=\"https:\/\/migracao.redenoticia.com.br\/noticia\/imagens\/triunfo-do-amor-resumo-novela-capitulos-sbt.jpg 1280w, https:\/\/migracao.redenoticia.com.br\/noticia\/imagens\/triunfo-do-amor-resumo-novela-capitulos-sbt-250x140.jpg 250w, https:\/\/migracao.redenoticia.com.br\/noticia\/imagens\/triunfo-do-amor-resumo-novela-capitulos-sbt-400x225.jpg 400w, https:\/\/migracao.redenoticia.com.br\/noticia\/imagens\/triunfo-do-amor-resumo-novela-capitulos-sbt-768x432.jpg 768w, https:\/\/migracao.redenoticia.com.br\/noticia\/imagens\/triunfo-do-amor-resumo-novela-capitulos-sbt-150x85.jpg 150w\" sizes=\"auto, (max-width: 1280px) 100vw, 1280px\" \/><\/p>\n<p><strong><em>Resumo da novela &#8220;Triunfo do Amor&#8221;<\/em><\/strong> em 12\/04: no cap\u00edtulo 106 (*) da novela, Vit\u00f3ria desce as escadas e atende o m\u00e9dico de Fernanda: &#8220;Tenho a sensa\u00e7\u00e3o de que j\u00e1 nos conhecemos.&#8221; O m\u00e9dico conta que sua esposa morreu de c\u00e2ncer de mama . Poderia ter sido trat\u00e1vel se ela tivesse contado a ele cedo o suficiente. Logo depois de enterrar sua esposa, ele perdeu seus dois filhos pequenos em um acidente de carro, causado por um motorista b\u00eabado. Vit\u00f3ria pensa em deixar Osvaldo ir com ela ao m\u00e9dico na segunda-feira. Mas ela tem um compromisso particular agendado para hoje, ela quer estar preparada para o que est\u00e1 por vir.<\/p>\n<p>O m\u00e9dico de Vit\u00f3ria tem not\u00edcias preocupantes para ela. O c\u00e2ncer est\u00e1 come\u00e7ando a se espalhar, embora lentamente. A doen\u00e7a dela \u00e9 trat\u00e1vel, mas o tempo \u00e9 essencial. Ela precisa de cirurgia. Nathy convence Maria a visitar e agradecer Alonso. Maria o encontra logo depois que ele se recupera de outro misterioso desmaio. A apar\u00eancia dela mais uma vez desperta falsas esperan\u00e7as. Ele tem outro sangramento nasal, mas se recusa a ver um m\u00e9dico.  <\/p>\n<p>Padre Jo\u00e3o Paulo fica sob os cuidados do Padre Jer\u00f4nimo. Ele convenceu Maria e Max a esperar o tempo suficiente para convidar familiares e amigos para o casamento. Padilha e Escorpi\u00e3o est\u00e3o fartos de Bernarda. Max e Maria passam a noite aos beijos. <\/p>\n<p>(*) edi\u00e7\u00e3o das novelas do SBT, &#8220;Triunfo do Amor&#8221;, sujeito a altera\u00e7\u00e3o de data e conte\u00fado.<\/p>\n<p>Sinopse &#8220;Triunfo do Amor&#8221;: Victoria \u00e9 uma das estilistas mais reconhecidas do M\u00e9xico. Mora em um casar\u00e3o elegante com o marido Osvaldo, ator famoso, e os filhos Fernanda (filha de ambos) e Maximiliano (filho de Osvaldo com a primeira esposa). Em sua juventude, ela trabalhou como empregada de Bernarda, uma fan\u00e1tica religiosa cujo filho Jo\u00e3o Paulo estava estudando no semin\u00e1rio para ser padre. Jo\u00e3o Paulo conheceu Victoria, eles se apaixonaram e uma noite eles se renderam ao amor.<\/p>\n<p>Quando Victoria descobriu que estava gr\u00e1vida, Jo\u00e3o Paulo havia voltado ao semin\u00e1rio e Bernarda a expulsou de sua casa. Victoria teve sua filha sozinha, mas tr\u00eas anos depois Bernarda, tentando se livrar de Victoria e de sua filha, causou um acidente que a mandou para o hospital e, sua filha Maria, acabou em um orfanato. Desde ent\u00e3o, Victoria n\u00e3o parou de procurar sua filha. <\/p>\n","protected":false},"excerpt":{"rendered":"<p>Resumo da novela &#8220;Triunfo do Amor&#8221; em 12\/04: no cap\u00edtulo 106 (*) da novela, Vit\u00f3ria desce as escadas e atende o m\u00e9dico de Fernanda: &#8220;Tenho a sensa\u00e7\u00e3o de que j\u00e1 nos conhecemos.&#8221; O m\u00e9dico conta que sua esposa morreu de c\u00e2ncer de mama . Poderia ter sido trat\u00e1vel se ela tivesse contado a ele cedo [&hellip;]<\/p>\n","protected":false},"author":2,"featured_media":200059,"comment_status":"closed","ping_status":"closed","sticky":false,"template":"","format":"standard","meta":{"tdm_status":"","tdm_grid_status":"","footnotes":""},"categories":[379,2025,372,343,2100],"tags":[441],"class_list":{"0":"post-205253","1":"post","2":"type-post","3":"status-publish","4":"format-standard","5":"has-post-thumbnail","7":"category-novelas","8":"category-resumo","9":"category-sbt","10":"category-televisao","11":"category-triunfo-do-amor","12":"tag-resumo-do-dia"},"_links":{"self":[{"href":"https:\/\/migracao.redenoticia.com.br\/noticia\/wp-json\/wp\/v2\/posts\/205253","targetHints":{"allow":["GET"]}}],"collection":[{"href":"https:\/\/migracao.redenoticia.com.br\/noticia\/wp-json\/wp\/v2\/posts"}],"about":[{"href":"https:\/\/migracao.redenoticia.com.br\/noticia\/wp-json\/wp\/v2\/types\/post"}],"author":[{"embeddable":true,"href":"https:\/\/migracao.redenoticia.com.br\/noticia\/wp-json\/wp\/v2\/users\/2"}],"replies":[{"embeddable":true,"href":"https:\/\/migracao.redenoticia.com.br\/noticia\/wp-json\/wp\/v2\/comments?post=205253"}],"version-history":[{"count":0,"href":"https:\/\/migracao.redenoticia.com.br\/noticia\/wp-json\/wp\/v2\/posts\/205253\/revisions"}],"wp:featuredmedia":[{"embeddable":true,"href":"https:\/\/migracao.redenoticia.com.br\/noticia\/wp-json\/wp\/v2\/media\/200059"}],"wp:attachment":[{"href":"https:\/\/migracao.redenoticia.com.br\/noticia\/wp-json\/wp\/v2\/media?parent=205253"}],"wp:term":[{"taxonomy":"category","embeddable":true,"href":"https:\/\/migracao.redenoticia.com.br\/noticia\/wp-json\/wp\/v2\/categories?post=205253"},{"taxonomy":"post_tag","embeddable":true,"href":"https:\/\/migracao.redenoticia.com.br\/noticia\/wp-json\/wp\/v2\/tags?post=205253"}],"curies":[{"name":"wp","href":"https:\/\/api.w.org\/{rel}","templated":true}]}}