{"id":205258,"date":"2021-04-11T21:03:41","date_gmt":"2021-04-12T00:03:41","guid":{"rendered":"https:\/\/www.redenoticia.com.br\/noticia\/?p=205258"},"modified":"2021-04-11T21:13:48","modified_gmt":"2021-04-12T00:13:48","slug":"resumo-tititi-13-04-marcela-hostiliza-edgar","status":"publish","type":"post","link":"https:\/\/migracao.redenoticia.com.br\/noticia\/2021\/resumo-tititi-13-04-marcela-hostiliza-edgar\/205258","title":{"rendered":"Resumo \u201cTiTiTi\u201d 12\/04: Marcela hostiliza Edgar"},"content":{"rendered":"<p> <img loading=\"lazy\" decoding=\"async\" src=\"https:\/\/migracao.redenoticia.com.br\/noticia\/imagens\/tititi-elenco-personagens.jpeg\" alt=\"\" width=\"1280\" height=\"720\" class=\"aligncenter size-full wp-image-204657\" srcset=\"https:\/\/migracao.redenoticia.com.br\/noticia\/imagens\/tititi-elenco-personagens.jpeg 1280w, https:\/\/migracao.redenoticia.com.br\/noticia\/imagens\/tititi-elenco-personagens-250x140.jpeg 250w, https:\/\/migracao.redenoticia.com.br\/noticia\/imagens\/tititi-elenco-personagens-400x225.jpeg 400w, https:\/\/migracao.redenoticia.com.br\/noticia\/imagens\/tititi-elenco-personagens-768x432.jpeg 768w, https:\/\/migracao.redenoticia.com.br\/noticia\/imagens\/tititi-elenco-personagens-150x85.jpeg 150w\" sizes=\"auto, (max-width: 1280px) 100vw, 1280px\" \/><\/p>\n<p><em><strong>Resumo da novela \u201cTiTiTi\u201d<\/strong><\/em> em 12\/04: no cap\u00edtulo 011(*) da novela, Gino alerta Luti, Chico, Marta e Nicole se comprometem a ajudar Ari a manter sua farsa de Victor Valentim. Cec\u00edlia lembra de sua juventude e chama pelo filho, deixando Valdete assustada. J\u00falia fala de Cec\u00edlia para os netos. Marcela percebe que Edgar est\u00e1 machucado e se oferece para cuidar dele. Luti se preocupa ao saber que Ariclenes copia as roupas que uma senhora faz. Jacques escolhe Amanda para acompanh\u00e1-lo \u00e0 festa da Moda Brasil.<\/p>\n<p>Jaqueline enfrenta Breno e ele a expulsa de casa. Ariclenes pede a ajuda de Luti para inventar not\u00edcias sobre o estilista espanhol Victor Valentim nos sites e blogs de moda internacionais. Breno manda prender Jaqueline. Jacques e Ariclenes se alfinetam no escrit\u00f3rio de Suzana. Disfar\u00e7adamente, Ari pega dois convites para a festa da revista. Ele escala Chico para ir \u00e0 festa.<\/p>\n<p>Julinho flagra Lu\u00edsa e Edgar juntos no escrit\u00f3rio e conta para Marcela, que fica decepcionada. Jacques tira Jaqueline da cadeia. Desir\u00e9e se queixa com Armandinho que Dona Mocinha a fez de empregada. Ariclenes convida Desir\u00e9e para usar o vestido de Victor Valentim na festa da revista. Jaqueline n\u00e3o aceita que Jacques a deixe em um hotel. Marcela hostiliza Edgar.<\/p>\n<p>(*) edi\u00e7\u00e3o das novelas da Globo, \u201cTiTiTi\u201d, sujeito a altera\u00e7\u00e3o de data e conte\u00fado.<\/p>\n<p>Sinopse &#8220;TiTiTi&#8221;: Alexandre Borges e Murilo Ben\u00edcio interpretam os rivais da hist\u00f3ria, respectivamente Jacques Leclair e Victor Valentim, que passam a novela inteira se digladiando para ver quem sobressai no mundo na moda como estilista bem-sucedido, com o nome transformado em grife e as cole\u00e7\u00f5es desfiladas nas grandes semanas de moda e fotografadas para as revistas de celebridades.<\/p>\n","protected":false},"excerpt":{"rendered":"<p>Resumo da novela \u201cTiTiTi\u201d em 12\/04: no cap\u00edtulo 011(*) da novela, Gino alerta Luti, Chico, Marta e Nicole se comprometem a ajudar Ari a manter sua farsa de Victor Valentim. Cec\u00edlia lembra de sua juventude e chama pelo filho, deixando Valdete assustada. J\u00falia fala de Cec\u00edlia para os netos. Marcela percebe que Edgar est\u00e1 machucado [&hellip;]<\/p>\n","protected":false},"author":2,"featured_media":204655,"comment_status":"closed","ping_status":"closed","sticky":false,"template":"","format":"standard","meta":{"tdm_status":"","tdm_grid_status":"","footnotes":""},"categories":[379,375,2025,343,2193],"tags":[441],"class_list":{"0":"post-205258","1":"post","2":"type-post","3":"status-publish","4":"format-standard","5":"has-post-thumbnail","7":"category-novelas","8":"category-rede-globo","9":"category-resumo","10":"category-televisao","11":"category-tititi","12":"tag-resumo-do-dia"},"_links":{"self":[{"href":"https:\/\/migracao.redenoticia.com.br\/noticia\/wp-json\/wp\/v2\/posts\/205258","targetHints":{"allow":["GET"]}}],"collection":[{"href":"https:\/\/migracao.redenoticia.com.br\/noticia\/wp-json\/wp\/v2\/posts"}],"about":[{"href":"https:\/\/migracao.redenoticia.com.br\/noticia\/wp-json\/wp\/v2\/types\/post"}],"author":[{"embeddable":true,"href":"https:\/\/migracao.redenoticia.com.br\/noticia\/wp-json\/wp\/v2\/users\/2"}],"replies":[{"embeddable":true,"href":"https:\/\/migracao.redenoticia.com.br\/noticia\/wp-json\/wp\/v2\/comments?post=205258"}],"version-history":[{"count":0,"href":"https:\/\/migracao.redenoticia.com.br\/noticia\/wp-json\/wp\/v2\/posts\/205258\/revisions"}],"wp:featuredmedia":[{"embeddable":true,"href":"https:\/\/migracao.redenoticia.com.br\/noticia\/wp-json\/wp\/v2\/media\/204655"}],"wp:attachment":[{"href":"https:\/\/migracao.redenoticia.com.br\/noticia\/wp-json\/wp\/v2\/media?parent=205258"}],"wp:term":[{"taxonomy":"category","embeddable":true,"href":"https:\/\/migracao.redenoticia.com.br\/noticia\/wp-json\/wp\/v2\/categories?post=205258"},{"taxonomy":"post_tag","embeddable":true,"href":"https:\/\/migracao.redenoticia.com.br\/noticia\/wp-json\/wp\/v2\/tags?post=205258"}],"curies":[{"name":"wp","href":"https:\/\/api.w.org\/{rel}","templated":true}]}}