{"id":205272,"date":"2021-04-11T21:19:40","date_gmt":"2021-04-12T00:19:40","guid":{"rendered":"https:\/\/www.redenoticia.com.br\/noticia\/?p=205272"},"modified":"2021-04-11T21:19:40","modified_gmt":"2021-04-12T00:19:40","slug":"resumo-imperio-12-04-sebastiao-morre-e-deixa-sua-fortuna-para-jose-alfredo","status":"publish","type":"post","link":"https:\/\/migracao.redenoticia.com.br\/noticia\/2021\/resumo-imperio-12-04-sebastiao-morre-e-deixa-sua-fortuna-para-jose-alfredo\/205272","title":{"rendered":"Resumo \u201cImp\u00e9rio\u201d 12\/04: Sebasti\u00e3o morre e deixa sua fortuna para Jos\u00e9 Alfredo"},"content":{"rendered":"<p><img loading=\"lazy\" decoding=\"async\" class=\"aligncenter size-full wp-image-205063\" src=\"https:\/\/migracao.redenoticia.com.br\/noticia\/imagens\/novela-imperio-resumo-elenco.jpeg\" alt=\"\" width=\"1280\" height=\"720\" srcset=\"https:\/\/migracao.redenoticia.com.br\/noticia\/imagens\/novela-imperio-resumo-elenco.jpeg 1280w, https:\/\/migracao.redenoticia.com.br\/noticia\/imagens\/novela-imperio-resumo-elenco-250x140.jpeg 250w, https:\/\/migracao.redenoticia.com.br\/noticia\/imagens\/novela-imperio-resumo-elenco-400x225.jpeg 400w, https:\/\/migracao.redenoticia.com.br\/noticia\/imagens\/novela-imperio-resumo-elenco-768x432.jpeg 768w, https:\/\/migracao.redenoticia.com.br\/noticia\/imagens\/novela-imperio-resumo-elenco-150x85.jpeg 150w\" sizes=\"auto, (max-width: 1280px) 100vw, 1280px\" \/><\/p>\n<p><em><strong>Resumo novela \u201cImp\u00e9rio\u201d<\/strong><\/em> em 12\/04: no cap\u00edtulo 001(*) da novela, o Comendador leva Maria Clara ao Monte Roraima e relembra sua hist\u00f3ria. Jos\u00e9 Alfredo chega \u00e0 casa de seu irm\u00e3o Evaldo. Cora reclama com a irm\u00e3 Eliane sobre a presen\u00e7a de seu cunhado. Jos\u00e9 Alfredo se interessa por Eliane e Cora desconfia. Eliane engravida e Cora convence a irm\u00e3 a desistir de fugir com Jos\u00e9 Alfredo. Evaldo descobre o caso entre o irm\u00e3o e sua esposa. Cora avisa a Jos\u00e9 Alfredo que sua irm\u00e3 est\u00e1 gr\u00e1vida. Sebasti\u00e3o conhece Jos\u00e9 Alfredo e o chama para trabalhar com ele em um garimpo.<\/p>\n<p>Cora inventa uma mentira e convence Evaldo da inoc\u00eancia de Eliane. Bigode avisa que \u00e9 o novo chefe do garimpo. Jos\u00e9 Alfredo v\u00ea Bigode atacar Sebasti\u00e3o e atira contra o garimpeiro. Sebasti\u00e3o morre e deixa sua fortuna para Jos\u00e9 Alfredo. Eliane segue sua vida com Evaldo. Jos\u00e9 Alfredo vai para Zurique e recebe uma proposta de Maria Joaquina para trabalhar com ela no lugar de Sebasti\u00e3o.<\/p>\n<p>(*) edi\u00e7\u00e3o das novelas da Globo, \u201cImp\u00e9rio\u201d, sujeito a altera\u00e7\u00e3o de data e conte\u00fado.<\/p>\n<p>Sinopse Novela &#8220;Imp\u00e9rio&#8221;: hist\u00f3ria do pernambucano Jos\u00e9 Alfredo de Medeiros (Chay Suede\/Alexandre Nero), o homem de preto. Dono de uma rede de joalherias, o Comendador tem tr\u00eas filhos com a aristocrata falida Maria Marta Mendon\u00e7a e Albuquerque (Adriana Birolli\/Lilia Cabral): Jos\u00e9 Pedro (Caio Blat), Maria Clara (Andreia Horta) e Jo\u00e3o Lucas (Daniel Rocha). Os tr\u00eas disputam a heran\u00e7a da empresa constru\u00edda pelo pai.<\/p>\n","protected":false},"excerpt":{"rendered":"<p>Resumo novela \u201cImp\u00e9rio\u201d em 12\/04: no cap\u00edtulo 001(*) da novela, o Comendador leva Maria Clara ao Monte Roraima e relembra sua hist\u00f3ria. Jos\u00e9 Alfredo chega \u00e0 casa de seu irm\u00e3o Evaldo. Cora reclama com a irm\u00e3 Eliane sobre a presen\u00e7a de seu cunhado. Jos\u00e9 Alfredo se interessa por Eliane e Cora desconfia. Eliane engravida e [&hellip;]<\/p>\n","protected":false},"author":2,"featured_media":205061,"comment_status":"closed","ping_status":"closed","sticky":false,"template":"","format":"standard","meta":{"tdm_status":"","tdm_grid_status":"","footnotes":""},"categories":[2196,379,375,2025,343],"tags":[441],"class_list":{"0":"post-205272","1":"post","2":"type-post","3":"status-publish","4":"format-standard","5":"has-post-thumbnail","7":"category-imperio","8":"category-novelas","9":"category-rede-globo","10":"category-resumo","11":"category-televisao","12":"tag-resumo-do-dia"},"_links":{"self":[{"href":"https:\/\/migracao.redenoticia.com.br\/noticia\/wp-json\/wp\/v2\/posts\/205272","targetHints":{"allow":["GET"]}}],"collection":[{"href":"https:\/\/migracao.redenoticia.com.br\/noticia\/wp-json\/wp\/v2\/posts"}],"about":[{"href":"https:\/\/migracao.redenoticia.com.br\/noticia\/wp-json\/wp\/v2\/types\/post"}],"author":[{"embeddable":true,"href":"https:\/\/migracao.redenoticia.com.br\/noticia\/wp-json\/wp\/v2\/users\/2"}],"replies":[{"embeddable":true,"href":"https:\/\/migracao.redenoticia.com.br\/noticia\/wp-json\/wp\/v2\/comments?post=205272"}],"version-history":[{"count":0,"href":"https:\/\/migracao.redenoticia.com.br\/noticia\/wp-json\/wp\/v2\/posts\/205272\/revisions"}],"wp:featuredmedia":[{"embeddable":true,"href":"https:\/\/migracao.redenoticia.com.br\/noticia\/wp-json\/wp\/v2\/media\/205061"}],"wp:attachment":[{"href":"https:\/\/migracao.redenoticia.com.br\/noticia\/wp-json\/wp\/v2\/media?parent=205272"}],"wp:term":[{"taxonomy":"category","embeddable":true,"href":"https:\/\/migracao.redenoticia.com.br\/noticia\/wp-json\/wp\/v2\/categories?post=205272"},{"taxonomy":"post_tag","embeddable":true,"href":"https:\/\/migracao.redenoticia.com.br\/noticia\/wp-json\/wp\/v2\/tags?post=205272"}],"curies":[{"name":"wp","href":"https:\/\/api.w.org\/{rel}","templated":true}]}}