{"id":2053,"date":"2009-05-26T16:16:25","date_gmt":"2009-05-26T20:16:25","guid":{"rendered":"http:\/\/www.redenoticia.com.br\/noticia\/?p=2053"},"modified":"2009-05-26T16:17:10","modified_gmt":"2009-05-26T20:17:10","slug":"1%c2%ba-conseg-nesta-quarta-feira-em-ji-parana","status":"publish","type":"post","link":"https:\/\/migracao.redenoticia.com.br\/noticia\/2009\/1%c2%ba-conseg-nesta-quarta-feira-em-ji-parana\/2053","title":{"rendered":"1\u00ba Conseg nesta quarta-feira, em Ji-Paran\u00e1"},"content":{"rendered":"<p class=\"MsoNormal\" style=\"line-height: 13.1pt;\"><span style=\"font-size: 11pt; font-family: Arial;\">Nesta quarta-feira (27), acontece, em Ji-Paran\u00e1, a segunda reuni\u00e3o da etapa regional da 1\u00aa Confer\u00eancia Nacional de Seguran\u00e7a P\u00fablica (1\u00aa Conseg). O evento, realizado na Ulbra\/Ji-Paran\u00e1, ser\u00e1 finalizado na quinta-feira (28), com uma rodada de debates a cerca dos princ\u00edpios e diretrizes definidos pelos participantes. <\/span><\/p>\n<p class=\"MsoNormal\"><span style=\"font-size: 11pt; font-family: Arial;\"><!--[if gte vml 1]><v:shapetype  id=\"_x0000_t75\" coordsize=\"21600,21600\" o:spt=\"75\" o:preferrelative=\"t\"  path=\"m@4@5l@4@11@9@11@9@5xe\" filled=\"f\" stroked=\"f\"> <v:stroke joinstyle=\"miter\" \/> <v:formulas> <v:f eqn=\"if lineDrawn pixelLineWidth 0\" \/> <v:f eqn=\"sum @0 1 0\" \/> <v:f eqn=\"sum 0 0 @1\" \/> <v:f eqn=\"prod @2 1 2\" \/> <v:f eqn=\"prod @3 21600 pixelWidth\" \/> <v:f eqn=\"prod @3 21600 pixelHeight\" \/> <v:f eqn=\"sum @0 0 1\" \/> <v:f eqn=\"prod @6 1 2\" \/> <v:f eqn=\"prod @7 21600 pixelWidth\" \/> <v:f eqn=\"sum @8 21600 0\" \/> <v:f eqn=\"prod @7 21600 pixelHeight\" \/> <v:f eqn=\"sum @10 21600 0\" \/> <\/v:formulas> <v:path o:extrusionok=\"f\" gradientshapeok=\"t\" o:connecttype=\"rect\" \/> <o:lock v:ext=\"edit\" aspectratio=\"t\" \/> <\/v:shapetype><v:shape id=\"_x0000_i1025\" type=\"#_x0000_t75\" alt=\"\" style='width:.75pt;  height:.75pt'> <v:imagedata src=\"file:\/\/\/C:\\DOCUME~1\\Nova\\CONFIG~1\\Temp\\msohtml1\\01\\clip_image001.gif\" mce_src=\"file:\/\/\/C:\\DOCUME~1\\Nova\\CONFIG~1\\Temp\\msohtml1\\01\\clip_image001.gif\"   o:href=\"http:\/\/www.rondonia.ro.gov.br\/imagens-site\/spacer.gif\" \/> <\/v:shape><![endif]--><!--[if !vml]--><!--[endif]--><\/span><\/p>\n<p style=\"line-height: 13.1pt;\"><strong><span style=\"font-size: 11pt; font-family: Arial;\">Fortalecimento<\/span><\/strong><\/p>\n<p style=\"line-height: 13.1pt;\"><span style=\"font-size: 11pt; font-family: Arial;\">A reuni\u00e3o, segundo o secret\u00e1rio de seguran\u00e7a, Evil\u00e1sio Sena, deve fortalecer os temas debatidos durante o primeiro encontro, que aconteceu em Porto Velho, no in\u00edcio de maio. Depois de Ji-Paran\u00e1 a reuni\u00e3o segue acontecendo em Vilhena, dias 25 e 26 de junho. Evil\u00e1sio Sena explica que todos os munic\u00edpios participar\u00e3o dos debates. \u201cPara isso h\u00e1 a etapa municipal que \u00e9 coordenada pelas prefeituras\u201d. <\/span><\/p>\n<p style=\"line-height: 13.1pt;\"><span style=\"font-size: 11pt; font-family: Arial;\">Dessas reuni\u00f5es, segundo Sena, sair\u00e3o propostas que ser\u00e3o debatidas na confer\u00eancia estadual, que acontece de 29 a 31 de julho, na capital. <\/span><\/p>\n<p style=\"line-height: 13.1pt;\"><span style=\"font-size: 11pt; font-family: Arial;\">Norteando os debates est\u00e1 o tema \u2018gest\u00e3o democr\u00e1tica da Seguran\u00e7a, com maior participa\u00e7\u00e3o social\u2019. O assunto foi abordado de forma ampla nas palestras que abriram a etapa regional em Porto Velho Rond\u00f4nia.<\/span><\/p>\n<p style=\"line-height: 13.1pt;\"><span style=\"font-size: 11pt; font-family: Arial;\">Para melhor direcionamento dos debates, o p\u00fablico \u00e9 dividido em sete grupos de trabalho, um para cada eixo tem\u00e1tico pr\u00e9-determinado pelo Minist\u00e9rio da Justi\u00e7a. Reunidos em salas separadas, os grupos devem discutir e elaborar tr\u00eas princ\u00edpios e sete diretrizes que, em seguida, s\u00e3o analisadas pela assembl\u00e9ia e votadas.<\/span><\/p>\n<p style=\"line-height: 13.1pt;\"><span style=\"font-size: 11pt; font-family: Arial;\">Abrangendo a gest\u00e3o democr\u00e1tica, que pauta os debates, est\u00e3o os seguintes temas: controle social e externo, integra\u00e7\u00e3o e federalismo; financiamento e gest\u00e3o da pol\u00edtica p\u00fablica de seguran\u00e7a; valoriza\u00e7\u00e3o profissional e otimiza\u00e7\u00e3o das condi\u00e7\u00f5es de trabalho; repress\u00e3o qualificada da criminalidade; preven\u00e7\u00e3o social do crime e das viol\u00eancias e constru\u00e7\u00e3o da paz; diretrizes para o sistema penitenci\u00e1rio e diretrizes para o sistema de preven\u00e7\u00e3o, atendimentos emergenciais e acidentes.<\/span><\/p>\n","protected":false},"excerpt":{"rendered":"<p>Nesta quarta-feira (27), acontece, em Ji-Paran\u00e1, a segunda reuni\u00e3o da etapa regional da 1\u00aa Confer\u00eancia Nacional de Seguran\u00e7a P\u00fablica (1\u00aa Conseg). O evento, realizado na Ulbra\/Ji-Paran\u00e1, ser\u00e1 finalizado na quinta-feira (28), com uma rodada de debates a cerca dos princ\u00edpios e diretrizes definidos pelos participantes. Fortalecimento A reuni\u00e3o, segundo o secret\u00e1rio de seguran\u00e7a, Evil\u00e1sio Sena, [&hellip;]<\/p>\n","protected":false},"author":3,"featured_media":0,"comment_status":"open","ping_status":"open","sticky":false,"template":"","format":"standard","meta":{"tdm_status":"","tdm_grid_status":"","footnotes":""},"categories":[22],"tags":[],"class_list":{"0":"post-2053","1":"post","2":"type-post","3":"status-publish","4":"format-standard","6":"category-brasil"},"_links":{"self":[{"href":"https:\/\/migracao.redenoticia.com.br\/noticia\/wp-json\/wp\/v2\/posts\/2053","targetHints":{"allow":["GET"]}}],"collection":[{"href":"https:\/\/migracao.redenoticia.com.br\/noticia\/wp-json\/wp\/v2\/posts"}],"about":[{"href":"https:\/\/migracao.redenoticia.com.br\/noticia\/wp-json\/wp\/v2\/types\/post"}],"author":[{"embeddable":true,"href":"https:\/\/migracao.redenoticia.com.br\/noticia\/wp-json\/wp\/v2\/users\/3"}],"replies":[{"embeddable":true,"href":"https:\/\/migracao.redenoticia.com.br\/noticia\/wp-json\/wp\/v2\/comments?post=2053"}],"version-history":[{"count":0,"href":"https:\/\/migracao.redenoticia.com.br\/noticia\/wp-json\/wp\/v2\/posts\/2053\/revisions"}],"wp:attachment":[{"href":"https:\/\/migracao.redenoticia.com.br\/noticia\/wp-json\/wp\/v2\/media?parent=2053"}],"wp:term":[{"taxonomy":"category","embeddable":true,"href":"https:\/\/migracao.redenoticia.com.br\/noticia\/wp-json\/wp\/v2\/categories?post=2053"},{"taxonomy":"post_tag","embeddable":true,"href":"https:\/\/migracao.redenoticia.com.br\/noticia\/wp-json\/wp\/v2\/tags?post=2053"}],"curies":[{"name":"wp","href":"https:\/\/api.w.org\/{rel}","templated":true}]}}