{"id":205348,"date":"2021-04-13T12:19:08","date_gmt":"2021-04-13T15:19:08","guid":{"rendered":"https:\/\/www.redenoticia.com.br\/noticia\/?p=205348"},"modified":"2021-04-13T12:19:08","modified_gmt":"2021-04-13T15:19:08","slug":"resumo-imperio-14-04-cristina-avisa-a-familia-que-a-mae-tem-uma-doenca-terminal","status":"publish","type":"post","link":"https:\/\/migracao.redenoticia.com.br\/noticia\/2021\/resumo-imperio-14-04-cristina-avisa-a-familia-que-a-mae-tem-uma-doenca-terminal\/205348","title":{"rendered":"Resumo \u201cImp\u00e9rio\u201d 14\/04: Cristina avisa \u00e0 fam\u00edlia que a m\u00e3e tem uma doen\u00e7a terminal"},"content":{"rendered":"<p><img loading=\"lazy\" decoding=\"async\" class=\"aligncenter size-full wp-image-205063\" src=\"https:\/\/migracao.redenoticia.com.br\/noticia\/imagens\/novela-imperio-resumo-elenco.jpeg\" alt=\"\" width=\"1280\" height=\"720\" srcset=\"https:\/\/migracao.redenoticia.com.br\/noticia\/imagens\/novela-imperio-resumo-elenco.jpeg 1280w, https:\/\/migracao.redenoticia.com.br\/noticia\/imagens\/novela-imperio-resumo-elenco-250x140.jpeg 250w, https:\/\/migracao.redenoticia.com.br\/noticia\/imagens\/novela-imperio-resumo-elenco-400x225.jpeg 400w, https:\/\/migracao.redenoticia.com.br\/noticia\/imagens\/novela-imperio-resumo-elenco-768x432.jpeg 768w, https:\/\/migracao.redenoticia.com.br\/noticia\/imagens\/novela-imperio-resumo-elenco-150x85.jpeg 150w\" sizes=\"auto, (max-width: 1280px) 100vw, 1280px\" \/><\/p>\n<p><em><strong>Resumo novela \u201cImp\u00e9rio\u201d<\/strong><\/em> em 14\/04: no cap\u00edtulo 003(*) da novela, Maria Joaquina afirma a Jos\u00e9 Alfredo que ir\u00e1 ajud\u00e1-lo a construir seu imp\u00e9rio. Jos\u00e9 Alfredo e Maria Marta pensam na constru\u00e7\u00e3o de sua mans\u00e3o e na inaugura\u00e7\u00e3o de sua nova empresa. Eliane ganha um quiosque no camel\u00f3dromo. Jos\u00e9 Alfredo chega ao Monte Roraima e \u00e9 atingido por um tiro da pol\u00edcia. Josu\u00e9 consegue tirar Jos\u00e9 Alfredo do Monte Roraima e lev\u00e1-lo at\u00e9 um m\u00e9dico. Eliane inaugura seu quiosque. Marta destrata Josu\u00e9 e leva o marido para casa. Cora guarda uma not\u00edcia sobre Jos\u00e9 Alfredo em um \u00e1lbum com v\u00e1rios recortes sobre o cunhado de sua irm\u00e3. H\u00e1 uma passagem de tempo.<\/p>\n<p>Na festa de comemora\u00e7\u00e3o de vinte anos da joalheria Imp\u00e9rio, Maria Marta e Jos\u00e9 Alfredo discutem. Cristina e Elivaldo repreendem Eliane por n\u00e3o procurar atendimento para sua doen\u00e7a. Reginaldo avisa que Tuane est\u00e1 brigando na justi\u00e7a para ver Victor e Eliane passa mal. Cristina avisa \u00e0 fam\u00edlia que a m\u00e3e tem uma doen\u00e7a terminal. Jo\u00e3o Lucas discute com Maria Marta. Vicente volta para o Rio de Janeiro.<\/p>\n<p>(*) edi\u00e7\u00e3o das novelas da Globo, \u201cImp\u00e9rio\u201d, sujeito a altera\u00e7\u00e3o de data e conte\u00fado.<\/p>\n<p>Sinopse Novela &#8220;Imp\u00e9rio&#8221;: hist\u00f3ria do pernambucano Jos\u00e9 Alfredo de Medeiros (Chay Suede\/Alexandre Nero), o homem de preto. Dono de uma rede de joalherias, o Comendador tem tr\u00eas filhos com a aristocrata falida Maria Marta Mendon\u00e7a e Albuquerque (Adriana Birolli\/Lilia Cabral): Jos\u00e9 Pedro (Caio Blat), Maria Clara (Andreia Horta) e Jo\u00e3o Lucas (Daniel Rocha). Os tr\u00eas disputam a heran\u00e7a da empresa constru\u00edda pelo pai.<\/p>\n","protected":false},"excerpt":{"rendered":"<p>Resumo novela \u201cImp\u00e9rio\u201d em 14\/04: no cap\u00edtulo 003(*) da novela, Maria Joaquina afirma a Jos\u00e9 Alfredo que ir\u00e1 ajud\u00e1-lo a construir seu imp\u00e9rio. Jos\u00e9 Alfredo e Maria Marta pensam na constru\u00e7\u00e3o de sua mans\u00e3o e na inaugura\u00e7\u00e3o de sua nova empresa. Eliane ganha um quiosque no camel\u00f3dromo. Jos\u00e9 Alfredo chega ao Monte Roraima e \u00e9 [&hellip;]<\/p>\n","protected":false},"author":4,"featured_media":205061,"comment_status":"closed","ping_status":"closed","sticky":false,"template":"","format":"standard","meta":{"tdm_status":"","tdm_grid_status":"","footnotes":""},"categories":[2196,379,375,2025,343],"tags":[441],"class_list":{"0":"post-205348","1":"post","2":"type-post","3":"status-publish","4":"format-standard","5":"has-post-thumbnail","7":"category-imperio","8":"category-novelas","9":"category-rede-globo","10":"category-resumo","11":"category-televisao","12":"tag-resumo-do-dia"},"_links":{"self":[{"href":"https:\/\/migracao.redenoticia.com.br\/noticia\/wp-json\/wp\/v2\/posts\/205348","targetHints":{"allow":["GET"]}}],"collection":[{"href":"https:\/\/migracao.redenoticia.com.br\/noticia\/wp-json\/wp\/v2\/posts"}],"about":[{"href":"https:\/\/migracao.redenoticia.com.br\/noticia\/wp-json\/wp\/v2\/types\/post"}],"author":[{"embeddable":true,"href":"https:\/\/migracao.redenoticia.com.br\/noticia\/wp-json\/wp\/v2\/users\/4"}],"replies":[{"embeddable":true,"href":"https:\/\/migracao.redenoticia.com.br\/noticia\/wp-json\/wp\/v2\/comments?post=205348"}],"version-history":[{"count":0,"href":"https:\/\/migracao.redenoticia.com.br\/noticia\/wp-json\/wp\/v2\/posts\/205348\/revisions"}],"wp:featuredmedia":[{"embeddable":true,"href":"https:\/\/migracao.redenoticia.com.br\/noticia\/wp-json\/wp\/v2\/media\/205061"}],"wp:attachment":[{"href":"https:\/\/migracao.redenoticia.com.br\/noticia\/wp-json\/wp\/v2\/media?parent=205348"}],"wp:term":[{"taxonomy":"category","embeddable":true,"href":"https:\/\/migracao.redenoticia.com.br\/noticia\/wp-json\/wp\/v2\/categories?post=205348"},{"taxonomy":"post_tag","embeddable":true,"href":"https:\/\/migracao.redenoticia.com.br\/noticia\/wp-json\/wp\/v2\/tags?post=205348"}],"curies":[{"name":"wp","href":"https:\/\/api.w.org\/{rel}","templated":true}]}}