{"id":205381,"date":"2021-04-14T12:28:55","date_gmt":"2021-04-14T15:28:55","guid":{"rendered":"https:\/\/www.redenoticia.com.br\/noticia\/?p=205381"},"modified":"2021-04-14T12:28:55","modified_gmt":"2021-04-14T15:28:55","slug":"resumo-a-vida-da-gente-15-04-celina-flagra-lucio-vendo-um-jogo-de-ana","status":"publish","type":"post","link":"https:\/\/migracao.redenoticia.com.br\/noticia\/2021\/resumo-a-vida-da-gente-15-04-celina-flagra-lucio-vendo-um-jogo-de-ana\/205381","title":{"rendered":"Resumo \u201cA Vida da Gente\u201d 15\/04: Celina flagra L\u00facio vendo um jogo de Ana"},"content":{"rendered":"<p><img loading=\"lazy\" decoding=\"async\" src=\"https:\/\/migracao.redenoticia.com.br\/noticia\/imagens\/a-vida-da-gente-elenco-principal.jpg\" alt=\"\" width=\"1280\" height=\"720\" class=\"aligncenter size-full wp-image-203501\" srcset=\"https:\/\/migracao.redenoticia.com.br\/noticia\/imagens\/a-vida-da-gente-elenco-principal.jpg 1280w, https:\/\/migracao.redenoticia.com.br\/noticia\/imagens\/a-vida-da-gente-elenco-principal-250x140.jpg 250w, https:\/\/migracao.redenoticia.com.br\/noticia\/imagens\/a-vida-da-gente-elenco-principal-400x225.jpg 400w, https:\/\/migracao.redenoticia.com.br\/noticia\/imagens\/a-vida-da-gente-elenco-principal-768x432.jpg 768w, https:\/\/migracao.redenoticia.com.br\/noticia\/imagens\/a-vida-da-gente-elenco-principal-150x85.jpg 150w\" sizes=\"auto, (max-width: 1280px) 100vw, 1280px\" \/><\/p>\n<p><em><strong>Resumo da novela \u201cA Vida da Gente\u201d<\/strong><\/em> em 15\/04: no cap\u00edtulo 040(*) da novela, Vit\u00f3ria manda Marcos sair de casa. Manuela conversa com Felipe e ele a chama para sair. Celina flagra L\u00facio vendo um jogo de Ana pela internet. In\u00e1 tenta convencer Manuela a se deixar envolver por Felipe. Manuela mostra para Maria as anota\u00e7\u00f5es que fez com as sugest\u00f5es para o card\u00e1pio do buf\u00ea. Lorena conhece Matias e os dois come\u00e7am a conversar.<\/p>\n<p>Desesperado, Rodrigo avisa que J\u00falia engoliu uma moeda. Manuela e Rodrigo ficam aflitos diante do m\u00e9dico \u00e0 espera da radiografia de J\u00falia. L\u00facio se preocupa por n\u00e3o conseguir convencer Eva a deixar que Manuela fique mais pr\u00f3xima da irm\u00e3. Dora fala para Marcos que n\u00e3o poder\u00e1 se separar do marido.<\/p>\n<p>(*) edi\u00e7\u00e3o das novelas da Globo, \u201cA Vida da Gente\u201d, sujeito a altera\u00e7\u00e3o de data e conte\u00fado.<\/p>\n<p>Sinopse \u201cA Vida da Gente\u201d: Dois jovens, criados como irm\u00e3os, se apaixonam perdidamente, tendo de enfrentar a contrariedade de seus pais. Ana (Fernanda Vasconcellos) e Rodrigo (Rafael Cardoso) s\u00e3o filhos, respectivamente, de Eva (Ana Beatriz Nogueira) e Jonas (Paulo Betti), que, casados, criam juntos seus filhos de outras rela\u00e7\u00f5es. Ana tem uma irm\u00e3, Manuela (Marjorie Estiano), preterida por sua m\u00e3e. Ana descobre estar gr\u00e1vida. Antes de dar a not\u00edcia a Rodrigo, ela acaba aceitando o plano de sua m\u00e3e: esconder a gravidez. Ao nascer, a crian\u00e7a seria entregue \u00e0 ado\u00e7\u00e3o. Um acidente muda o destino da fam\u00edlia. Ana entra em um coma profundo e, segundo os m\u00e9dicos, talvez irrevers\u00edvel.<\/p>\n","protected":false},"excerpt":{"rendered":"<p>Resumo da novela \u201cA Vida da Gente\u201d em 15\/04: no cap\u00edtulo 040(*) da novela, Vit\u00f3ria manda Marcos sair de casa. Manuela conversa com Felipe e ele a chama para sair. Celina flagra L\u00facio vendo um jogo de Ana pela internet. In\u00e1 tenta convencer Manuela a se deixar envolver por Felipe. Manuela mostra para Maria as [&hellip;]<\/p>\n","protected":false},"author":4,"featured_media":203502,"comment_status":"closed","ping_status":"closed","sticky":false,"template":"","format":"standard","meta":{"tdm_status":"","tdm_grid_status":"","footnotes":""},"categories":[2190,379,375,2025,343],"tags":[441],"class_list":{"0":"post-205381","1":"post","2":"type-post","3":"status-publish","4":"format-standard","5":"has-post-thumbnail","7":"category-a-vida-da-gente","8":"category-novelas","9":"category-rede-globo","10":"category-resumo","11":"category-televisao","12":"tag-resumo-do-dia"},"_links":{"self":[{"href":"https:\/\/migracao.redenoticia.com.br\/noticia\/wp-json\/wp\/v2\/posts\/205381","targetHints":{"allow":["GET"]}}],"collection":[{"href":"https:\/\/migracao.redenoticia.com.br\/noticia\/wp-json\/wp\/v2\/posts"}],"about":[{"href":"https:\/\/migracao.redenoticia.com.br\/noticia\/wp-json\/wp\/v2\/types\/post"}],"author":[{"embeddable":true,"href":"https:\/\/migracao.redenoticia.com.br\/noticia\/wp-json\/wp\/v2\/users\/4"}],"replies":[{"embeddable":true,"href":"https:\/\/migracao.redenoticia.com.br\/noticia\/wp-json\/wp\/v2\/comments?post=205381"}],"version-history":[{"count":0,"href":"https:\/\/migracao.redenoticia.com.br\/noticia\/wp-json\/wp\/v2\/posts\/205381\/revisions"}],"wp:featuredmedia":[{"embeddable":true,"href":"https:\/\/migracao.redenoticia.com.br\/noticia\/wp-json\/wp\/v2\/media\/203502"}],"wp:attachment":[{"href":"https:\/\/migracao.redenoticia.com.br\/noticia\/wp-json\/wp\/v2\/media?parent=205381"}],"wp:term":[{"taxonomy":"category","embeddable":true,"href":"https:\/\/migracao.redenoticia.com.br\/noticia\/wp-json\/wp\/v2\/categories?post=205381"},{"taxonomy":"post_tag","embeddable":true,"href":"https:\/\/migracao.redenoticia.com.br\/noticia\/wp-json\/wp\/v2\/tags?post=205381"}],"curies":[{"name":"wp","href":"https:\/\/api.w.org\/{rel}","templated":true}]}}