{"id":205516,"date":"2021-04-18T19:57:10","date_gmt":"2021-04-18T22:57:10","guid":{"rendered":"https:\/\/www.redenoticia.com.br\/noticia\/?p=205516"},"modified":"2021-04-18T19:57:10","modified_gmt":"2021-04-18T22:57:10","slug":"resumo-tititi-19-04-suzana-desmascara-ariclenes","status":"publish","type":"post","link":"https:\/\/migracao.redenoticia.com.br\/noticia\/2021\/resumo-tititi-19-04-suzana-desmascara-ariclenes\/205516","title":{"rendered":"Resumo \u201cTiTiTi\u201d 19\/04: Suzana desmascara Ariclenes"},"content":{"rendered":"<p> <img loading=\"lazy\" decoding=\"async\" src=\"https:\/\/migracao.redenoticia.com.br\/noticia\/imagens\/tititi-elenco-personagens.jpeg\" alt=\"\" width=\"1280\" height=\"720\" class=\"aligncenter size-full wp-image-204657\" srcset=\"https:\/\/migracao.redenoticia.com.br\/noticia\/imagens\/tititi-elenco-personagens.jpeg 1280w, https:\/\/migracao.redenoticia.com.br\/noticia\/imagens\/tititi-elenco-personagens-250x140.jpeg 250w, https:\/\/migracao.redenoticia.com.br\/noticia\/imagens\/tititi-elenco-personagens-400x225.jpeg 400w, https:\/\/migracao.redenoticia.com.br\/noticia\/imagens\/tititi-elenco-personagens-768x432.jpeg 768w, https:\/\/migracao.redenoticia.com.br\/noticia\/imagens\/tititi-elenco-personagens-150x85.jpeg 150w\" sizes=\"auto, (max-width: 1280px) 100vw, 1280px\" \/><\/p>\n<p><em><strong>Resumo da novela \u201cTiTiTi\u201d<\/strong><\/em> em 19\/04: no cap\u00edtulo 016(*) da novela, Julinho revela o apelido de inf\u00e2ncia de Osmar e livra Marcela do constrangimento com Bruna. Desir\u00e9e e Armandinho se reconciliam e prometem n\u00e3o brigar mais por ci\u00fames. Edgar se queixa de Marcela para Julinho. Jacques pede ajuda a Valqu\u00edria para sustentar uma mentira que contou a Jaqueline.<\/p>\n<p>Tha\u00edsa descobre que todas as suas amigas ficaram com Jorgito. Suzana convida Desir\u00e9e para fazer o editorial da pr\u00f3xima edi\u00e7\u00e3o da Moda Brasil. Suzana acha os croquis do vestido que Desir\u00e9e usou na casa de Ariclenes, desconfia que ele seja Victor Valentim e marca uma visita ao ateli\u00ea do estilista. Bruna sonha com Osmar e acorda abalada. Edgar conta para Marcela que \u00e9 o dia do anivers\u00e1rio de Osmar e ela se preocupa com Julinho.<\/p>\n<p>Ariclenes leva mais bonecas para Cec\u00edlia. Jaqueline conta a Jacques que convenceu Stela a conhecer sua cole\u00e7\u00e3o. Jacques recebe Stela em seu ateli\u00ea. Suzana chega ao flat de Victor Valentim e desmascara Ariclenes.<\/p>\n<p>(*) edi\u00e7\u00e3o das novelas da Globo, \u201cTiTiTi\u201d, sujeito a altera\u00e7\u00e3o de data e conte\u00fado.<\/p>\n<p>Sinopse &#8220;TiTiTi&#8221;: Alexandre Borges e Murilo Ben\u00edcio interpretam os rivais da hist\u00f3ria, respectivamente Jacques Leclair e Victor Valentim, que passam a novela inteira se digladiando para ver quem sobressai no mundo na moda como estilista bem-sucedido, com o nome transformado em grife e as cole\u00e7\u00f5es desfiladas nas grandes semanas de moda e fotografadas para as revistas de celebridades.<\/p>\n","protected":false},"excerpt":{"rendered":"<p>Resumo da novela \u201cTiTiTi\u201d em 19\/04: no cap\u00edtulo 016(*) da novela, Julinho revela o apelido de inf\u00e2ncia de Osmar e livra Marcela do constrangimento com Bruna. Desir\u00e9e e Armandinho se reconciliam e prometem n\u00e3o brigar mais por ci\u00fames. Edgar se queixa de Marcela para Julinho. Jacques pede ajuda a Valqu\u00edria para sustentar uma mentira que [&hellip;]<\/p>\n","protected":false},"author":2,"featured_media":204655,"comment_status":"closed","ping_status":"closed","sticky":false,"template":"","format":"standard","meta":{"tdm_status":"","tdm_grid_status":"","footnotes":""},"categories":[379,375,2025,343,2193],"tags":[441],"class_list":{"0":"post-205516","1":"post","2":"type-post","3":"status-publish","4":"format-standard","5":"has-post-thumbnail","7":"category-novelas","8":"category-rede-globo","9":"category-resumo","10":"category-televisao","11":"category-tititi","12":"tag-resumo-do-dia"},"_links":{"self":[{"href":"https:\/\/migracao.redenoticia.com.br\/noticia\/wp-json\/wp\/v2\/posts\/205516","targetHints":{"allow":["GET"]}}],"collection":[{"href":"https:\/\/migracao.redenoticia.com.br\/noticia\/wp-json\/wp\/v2\/posts"}],"about":[{"href":"https:\/\/migracao.redenoticia.com.br\/noticia\/wp-json\/wp\/v2\/types\/post"}],"author":[{"embeddable":true,"href":"https:\/\/migracao.redenoticia.com.br\/noticia\/wp-json\/wp\/v2\/users\/2"}],"replies":[{"embeddable":true,"href":"https:\/\/migracao.redenoticia.com.br\/noticia\/wp-json\/wp\/v2\/comments?post=205516"}],"version-history":[{"count":0,"href":"https:\/\/migracao.redenoticia.com.br\/noticia\/wp-json\/wp\/v2\/posts\/205516\/revisions"}],"wp:featuredmedia":[{"embeddable":true,"href":"https:\/\/migracao.redenoticia.com.br\/noticia\/wp-json\/wp\/v2\/media\/204655"}],"wp:attachment":[{"href":"https:\/\/migracao.redenoticia.com.br\/noticia\/wp-json\/wp\/v2\/media?parent=205516"}],"wp:term":[{"taxonomy":"category","embeddable":true,"href":"https:\/\/migracao.redenoticia.com.br\/noticia\/wp-json\/wp\/v2\/categories?post=205516"},{"taxonomy":"post_tag","embeddable":true,"href":"https:\/\/migracao.redenoticia.com.br\/noticia\/wp-json\/wp\/v2\/tags?post=205516"}],"curies":[{"name":"wp","href":"https:\/\/api.w.org\/{rel}","templated":true}]}}