{"id":205563,"date":"2021-04-19T20:05:42","date_gmt":"2021-04-19T23:05:42","guid":{"rendered":"https:\/\/www.redenoticia.com.br\/noticia\/?p=205563"},"modified":"2021-04-19T20:05:42","modified_gmt":"2021-04-19T23:05:42","slug":"resumo-tititi-20-04-jacques-comemora-seu-sucesso-com-suzana","status":"publish","type":"post","link":"https:\/\/migracao.redenoticia.com.br\/noticia\/2021\/resumo-tititi-20-04-jacques-comemora-seu-sucesso-com-suzana\/205563","title":{"rendered":"Resumo \u201cTiTiTi\u201d 20\/04: Jacques comemora seu sucesso com Suzana"},"content":{"rendered":"<p> <img loading=\"lazy\" decoding=\"async\" src=\"https:\/\/migracao.redenoticia.com.br\/noticia\/imagens\/tititi-elenco-personagens.jpeg\" alt=\"\" width=\"1280\" height=\"720\" class=\"aligncenter size-full wp-image-204657\" srcset=\"https:\/\/migracao.redenoticia.com.br\/noticia\/imagens\/tititi-elenco-personagens.jpeg 1280w, https:\/\/migracao.redenoticia.com.br\/noticia\/imagens\/tititi-elenco-personagens-250x140.jpeg 250w, https:\/\/migracao.redenoticia.com.br\/noticia\/imagens\/tititi-elenco-personagens-400x225.jpeg 400w, https:\/\/migracao.redenoticia.com.br\/noticia\/imagens\/tititi-elenco-personagens-768x432.jpeg 768w, https:\/\/migracao.redenoticia.com.br\/noticia\/imagens\/tititi-elenco-personagens-150x85.jpeg 150w\" sizes=\"auto, (max-width: 1280px) 100vw, 1280px\" \/><\/p>\n<p><em><strong>Resumo da novela \u201cTiTiTi\u201d<\/strong><\/em> em 20\/04: no cap\u00edtulo 017(*) da novela, Suzana exige que Ariclenes acabe com a farsa de Victor Valentim. Chico prepara o cen\u00e1rio para refazer a foto de Jacques e Gigi, com a ajuda de \u00c2ngelo e Nicole. Ariclenes convence Suzana a manter seu segredo. Stela elogia a cole\u00e7\u00e3o de Jacques. Nicole incentiva Desir\u00e9e a aceitar o convite para o editorial da Moda Brasil.<\/p>\n<p>Suzana veta a mat\u00e9ria sobre Victor Valentim na revista e Stela sugere que Jacques Leclair seja o entrevistado do m\u00eas. Marcela mostra o DVD com imagens de Osmar para a fam\u00edlia dele e Gustavo fica triste. Julinho comenta que n\u00e3o v\u00ea sua m\u00e3e h\u00e1 muito tempo e Bruna o aconselha a visit\u00e1-la. Marcela conversa com Edgar, ao perceber que ele est\u00e1 triste. A mando de Breno, Toninho tenta sabotar a produ\u00e7\u00e3o dos uniformes, mas Gino consegue evitar.<\/p>\n<p>Rebeca convida Gino para um jantar comemorativo em sua casa. Edgar desmarca um encontro com Luisa. Luti v\u00ea as fotos que \u00c2ngelo refez e reconhece Chico. Edgar convida Marcela para lhe fazer companhia em casa. Desir\u00e9e decide fazer o editorial da Moda Brasil. Jacques comemora seu sucesso com Suzana quando Ariclenes chega e o amea\u00e7a.<\/p>\n<p>(*) edi\u00e7\u00e3o das novelas da Globo, \u201cTiTiTi\u201d, sujeito a altera\u00e7\u00e3o de data e conte\u00fado.<\/p>\n<p>Sinopse &#8220;TiTiTi&#8221;: Alexandre Borges e Murilo Ben\u00edcio interpretam os rivais da hist\u00f3ria, respectivamente Jacques Leclair e Victor Valentim, que passam a novela inteira se digladiando para ver quem sobressai no mundo na moda como estilista bem-sucedido, com o nome transformado em grife e as cole\u00e7\u00f5es desfiladas nas grandes semanas de moda e fotografadas para as revistas de celebridades.<\/p>\n","protected":false},"excerpt":{"rendered":"<p>Resumo da novela \u201cTiTiTi\u201d em 20\/04: no cap\u00edtulo 017(*) da novela, Suzana exige que Ariclenes acabe com a farsa de Victor Valentim. Chico prepara o cen\u00e1rio para refazer a foto de Jacques e Gigi, com a ajuda de \u00c2ngelo e Nicole. Ariclenes convence Suzana a manter seu segredo. Stela elogia a cole\u00e7\u00e3o de Jacques. Nicole [&hellip;]<\/p>\n","protected":false},"author":2,"featured_media":204655,"comment_status":"closed","ping_status":"closed","sticky":false,"template":"","format":"standard","meta":{"tdm_status":"","tdm_grid_status":"","footnotes":""},"categories":[379,375,2025,343,2193],"tags":[441],"class_list":{"0":"post-205563","1":"post","2":"type-post","3":"status-publish","4":"format-standard","5":"has-post-thumbnail","7":"category-novelas","8":"category-rede-globo","9":"category-resumo","10":"category-televisao","11":"category-tititi","12":"tag-resumo-do-dia"},"_links":{"self":[{"href":"https:\/\/migracao.redenoticia.com.br\/noticia\/wp-json\/wp\/v2\/posts\/205563","targetHints":{"allow":["GET"]}}],"collection":[{"href":"https:\/\/migracao.redenoticia.com.br\/noticia\/wp-json\/wp\/v2\/posts"}],"about":[{"href":"https:\/\/migracao.redenoticia.com.br\/noticia\/wp-json\/wp\/v2\/types\/post"}],"author":[{"embeddable":true,"href":"https:\/\/migracao.redenoticia.com.br\/noticia\/wp-json\/wp\/v2\/users\/2"}],"replies":[{"embeddable":true,"href":"https:\/\/migracao.redenoticia.com.br\/noticia\/wp-json\/wp\/v2\/comments?post=205563"}],"version-history":[{"count":0,"href":"https:\/\/migracao.redenoticia.com.br\/noticia\/wp-json\/wp\/v2\/posts\/205563\/revisions"}],"wp:featuredmedia":[{"embeddable":true,"href":"https:\/\/migracao.redenoticia.com.br\/noticia\/wp-json\/wp\/v2\/media\/204655"}],"wp:attachment":[{"href":"https:\/\/migracao.redenoticia.com.br\/noticia\/wp-json\/wp\/v2\/media?parent=205563"}],"wp:term":[{"taxonomy":"category","embeddable":true,"href":"https:\/\/migracao.redenoticia.com.br\/noticia\/wp-json\/wp\/v2\/categories?post=205563"},{"taxonomy":"post_tag","embeddable":true,"href":"https:\/\/migracao.redenoticia.com.br\/noticia\/wp-json\/wp\/v2\/tags?post=205563"}],"curies":[{"name":"wp","href":"https:\/\/api.w.org\/{rel}","templated":true}]}}