{"id":205611,"date":"2021-04-20T12:57:10","date_gmt":"2021-04-20T15:57:10","guid":{"rendered":"https:\/\/www.redenoticia.com.br\/noticia\/?p=205611"},"modified":"2021-04-20T12:57:10","modified_gmt":"2021-04-20T15:57:10","slug":"resumo-imperio-21-04-cora-da-um-ultimato-em-cristina","status":"publish","type":"post","link":"https:\/\/migracao.redenoticia.com.br\/noticia\/2021\/resumo-imperio-21-04-cora-da-um-ultimato-em-cristina\/205611","title":{"rendered":"Resumo \u201cImp\u00e9rio\u201d 21\/04: Cora d\u00e1 um ultimato em Cristina"},"content":{"rendered":"<p><img loading=\"lazy\" decoding=\"async\" class=\"aligncenter size-full wp-image-205063\" src=\"https:\/\/migracao.redenoticia.com.br\/noticia\/imagens\/novela-imperio-resumo-elenco.jpeg\" alt=\"\" width=\"1280\" height=\"720\" srcset=\"https:\/\/migracao.redenoticia.com.br\/noticia\/imagens\/novela-imperio-resumo-elenco.jpeg 1280w, https:\/\/migracao.redenoticia.com.br\/noticia\/imagens\/novela-imperio-resumo-elenco-250x140.jpeg 250w, https:\/\/migracao.redenoticia.com.br\/noticia\/imagens\/novela-imperio-resumo-elenco-400x225.jpeg 400w, https:\/\/migracao.redenoticia.com.br\/noticia\/imagens\/novela-imperio-resumo-elenco-768x432.jpeg 768w, https:\/\/migracao.redenoticia.com.br\/noticia\/imagens\/novela-imperio-resumo-elenco-150x85.jpeg 150w\" sizes=\"auto, (max-width: 1280px) 100vw, 1280px\" \/><\/p>\n<p><em><strong>Resumo novela \u201cImp\u00e9rio\u201d<\/strong><\/em> em 21\/04: no cap\u00edtulo 009(*) da novela, Vicente enfrenta os homens que atacavam Cristina. Lorraine acusa Ismael de ter roubado seu dinheiro. Cora v\u00ea Cristina conversando com Vicente. Cl\u00e1udio v\u00ea uma not\u00edcia no blog de T\u00e9o e fica desconfiado. Jos\u00e9 Pedro fica nervoso ao descobrir que T\u00e9o divulgou uma not\u00edcia insinuando que ele teria atropelado uma pessoa. Lorraine acredita que \u00c9rika esteja com o seu dinheiro.<\/p>\n<p>Cristina leva Victor para o col\u00e9gio. Juliane se preocupa com o marido. C\u00e9lio indica uma advogada para Orville. Tuane e Reginaldo pedem para falar com Elivaldo. Cl\u00e1udio recebe uma liga\u00e7\u00e3o de Leonardo. Lorraine chama \u00c9rika para conversar. Cora d\u00e1 um ultimato em Cristina. Tuane tenta convencer Elivaldo a deix\u00e1-la ficar com a guarda de Victor. Jos\u00e9 Alfredo v\u00ea Cristina na porta de sua empresa e vai falar com ela.<\/p>\n<p>(*) edi\u00e7\u00e3o das novelas da Globo, \u201cImp\u00e9rio\u201d, sujeito a altera\u00e7\u00e3o de data e conte\u00fado.<\/p>\n<p>Sinopse Novela &#8220;Imp\u00e9rio&#8221;: hist\u00f3ria do pernambucano Jos\u00e9 Alfredo de Medeiros (Chay Suede\/Alexandre Nero), o homem de preto. Dono de uma rede de joalherias, o Comendador tem tr\u00eas filhos com a aristocrata falida Maria Marta Mendon\u00e7a e Albuquerque (Adriana Birolli\/Lilia Cabral): Jos\u00e9 Pedro (Caio Blat), Maria Clara (Andreia Horta) e Jo\u00e3o Lucas (Daniel Rocha). Os tr\u00eas disputam a heran\u00e7a da empresa constru\u00edda pelo pai.<\/p>\n","protected":false},"excerpt":{"rendered":"<p>Resumo novela \u201cImp\u00e9rio\u201d em 21\/04: no cap\u00edtulo 009(*) da novela, Vicente enfrenta os homens que atacavam Cristina. Lorraine acusa Ismael de ter roubado seu dinheiro. Cora v\u00ea Cristina conversando com Vicente. Cl\u00e1udio v\u00ea uma not\u00edcia no blog de T\u00e9o e fica desconfiado. Jos\u00e9 Pedro fica nervoso ao descobrir que T\u00e9o divulgou uma not\u00edcia insinuando que [&hellip;]<\/p>\n","protected":false},"author":4,"featured_media":205061,"comment_status":"closed","ping_status":"closed","sticky":false,"template":"","format":"standard","meta":{"tdm_status":"","tdm_grid_status":"","footnotes":""},"categories":[2196,379,375,2025,343],"tags":[441],"class_list":{"0":"post-205611","1":"post","2":"type-post","3":"status-publish","4":"format-standard","5":"has-post-thumbnail","7":"category-imperio","8":"category-novelas","9":"category-rede-globo","10":"category-resumo","11":"category-televisao","12":"tag-resumo-do-dia"},"_links":{"self":[{"href":"https:\/\/migracao.redenoticia.com.br\/noticia\/wp-json\/wp\/v2\/posts\/205611","targetHints":{"allow":["GET"]}}],"collection":[{"href":"https:\/\/migracao.redenoticia.com.br\/noticia\/wp-json\/wp\/v2\/posts"}],"about":[{"href":"https:\/\/migracao.redenoticia.com.br\/noticia\/wp-json\/wp\/v2\/types\/post"}],"author":[{"embeddable":true,"href":"https:\/\/migracao.redenoticia.com.br\/noticia\/wp-json\/wp\/v2\/users\/4"}],"replies":[{"embeddable":true,"href":"https:\/\/migracao.redenoticia.com.br\/noticia\/wp-json\/wp\/v2\/comments?post=205611"}],"version-history":[{"count":0,"href":"https:\/\/migracao.redenoticia.com.br\/noticia\/wp-json\/wp\/v2\/posts\/205611\/revisions"}],"wp:featuredmedia":[{"embeddable":true,"href":"https:\/\/migracao.redenoticia.com.br\/noticia\/wp-json\/wp\/v2\/media\/205061"}],"wp:attachment":[{"href":"https:\/\/migracao.redenoticia.com.br\/noticia\/wp-json\/wp\/v2\/media?parent=205611"}],"wp:term":[{"taxonomy":"category","embeddable":true,"href":"https:\/\/migracao.redenoticia.com.br\/noticia\/wp-json\/wp\/v2\/categories?post=205611"},{"taxonomy":"post_tag","embeddable":true,"href":"https:\/\/migracao.redenoticia.com.br\/noticia\/wp-json\/wp\/v2\/tags?post=205611"}],"curies":[{"name":"wp","href":"https:\/\/api.w.org\/{rel}","templated":true}]}}