{"id":205687,"date":"2021-04-22T13:13:43","date_gmt":"2021-04-22T16:13:43","guid":{"rendered":"https:\/\/www.redenoticia.com.br\/noticia\/?p=205687"},"modified":"2021-04-22T13:13:43","modified_gmt":"2021-04-22T16:13:43","slug":"resumo-chiquititas-23-04-junior-descobre-que-dani-quer-voltar-a-morar-no-orfanato","status":"publish","type":"post","link":"https:\/\/migracao.redenoticia.com.br\/noticia\/2021\/resumo-chiquititas-23-04-junior-descobre-que-dani-quer-voltar-a-morar-no-orfanato\/205687","title":{"rendered":"Resumo \u201cChiquititas\u201d 23\/04: Junior descobre que Dani quer voltar a morar no orfanato"},"content":{"rendered":"<p><img loading=\"lazy\" decoding=\"async\" class=\"aligncenter size-full wp-image-195897\" src=\"https:\/\/migracao.redenoticia.com.br\/noticia\/imagens\/chiquititas-resumo-sinopse.jpg\" alt=\"\" width=\"1280\" height=\"720\" srcset=\"https:\/\/migracao.redenoticia.com.br\/noticia\/imagens\/chiquititas-resumo-sinopse.jpg 1280w, https:\/\/migracao.redenoticia.com.br\/noticia\/imagens\/chiquititas-resumo-sinopse-250x140.jpg 250w, https:\/\/migracao.redenoticia.com.br\/noticia\/imagens\/chiquititas-resumo-sinopse-400x225.jpg 400w, https:\/\/migracao.redenoticia.com.br\/noticia\/imagens\/chiquititas-resumo-sinopse-768x432.jpg 768w, https:\/\/migracao.redenoticia.com.br\/noticia\/imagens\/chiquititas-resumo-sinopse-150x85.jpg 150w, https:\/\/migracao.redenoticia.com.br\/noticia\/imagens\/chiquititas-resumo-sinopse-696x392.jpg 696w, https:\/\/migracao.redenoticia.com.br\/noticia\/imagens\/chiquititas-resumo-sinopse-1068x601.jpg 1068w\" sizes=\"auto, (max-width: 1280px) 100vw, 1280px\" \/><\/p>\n<p><strong><em>Resumo da novela \u201cChiquititas\u201d<\/em><\/strong> em 23\/04: no cap\u00edtulo 218(*) da novela, Carmen vai ao orfanato e conta para Matilde que Cintia voltou. Maria conta para Tati, Teca e Ana que foi Marian quem colocou o dinheiro em sua boneca. Matilde diz para Carmen que Marian \u00e9 uma pequena bem malvada. Teca conta para Marian que Maria est\u00e1 espalhando que ela foi quem colocou o dinheiro na boneca. JP vai ao orfanato e diz que com o sucesso do CD ele sair\u00e1 em turn\u00ea e ficar\u00e1 um bom tempo fora. Mosca vai abrir a porta e \u00e9 Duda. Os tr\u00eas ficam diante de Mili. JP e Mosca discutem. As meninas falam para Junior sobre o que fizeram para ajudar o Caf\u00e9 Boutique. No orfanato, Mili diz para Pata que os tr\u00eas meninos come\u00e7aram a discutir na sala.<\/p>\n<p>Pata pergunta se ela sente algo por Duda e Mili garante que n\u00e3o gosta de Duda e nem de JP, apenas de Mosca. Pata fica feliz com a not\u00edcia, pois est\u00e1 interessada em Duda. Carol diz para Junior que Dani quer voltar a morar no orfanato, pois n\u00e3o est\u00e1 sendo bem tratada pelo pai. Carol pergunta se n\u00e3o h\u00e1 como ela tentar conseguir a guarda da menina. Marian rouba a boneca Laura e for\u00e7a Maria a assumir a culpa por ter pego o dinheiro. Maria pensa em contar a verdade para Carol, mas fica com medo de Marian e desiste.<\/p>\n<p>(*) edi\u00e7\u00e3o das novelas do SBT, \u201cChiquititas\u201d, sujeito a altera\u00e7\u00e3o de data e conte\u00fado.<\/p>\n","protected":false},"excerpt":{"rendered":"<p>Resumo da novela \u201cChiquititas\u201d em 23\/04: no cap\u00edtulo 218(*) da novela, Carmen vai ao orfanato e conta para Matilde que Cintia voltou. Maria conta para Tati, Teca e Ana que foi Marian quem colocou o dinheiro em sua boneca. Matilde diz para Carmen que Marian \u00e9 uma pequena bem malvada. Teca conta para Marian que [&hellip;]<\/p>\n","protected":false},"author":4,"featured_media":195894,"comment_status":"closed","ping_status":"closed","sticky":false,"template":"","format":"standard","meta":{"tdm_status":"","tdm_grid_status":"","footnotes":""},"categories":[409,379,2025,372,343],"tags":[441],"class_list":{"0":"post-205687","1":"post","2":"type-post","3":"status-publish","4":"format-standard","5":"has-post-thumbnail","7":"category-chiquititas","8":"category-novelas","9":"category-resumo","10":"category-sbt","11":"category-televisao","12":"tag-resumo-do-dia"},"_links":{"self":[{"href":"https:\/\/migracao.redenoticia.com.br\/noticia\/wp-json\/wp\/v2\/posts\/205687","targetHints":{"allow":["GET"]}}],"collection":[{"href":"https:\/\/migracao.redenoticia.com.br\/noticia\/wp-json\/wp\/v2\/posts"}],"about":[{"href":"https:\/\/migracao.redenoticia.com.br\/noticia\/wp-json\/wp\/v2\/types\/post"}],"author":[{"embeddable":true,"href":"https:\/\/migracao.redenoticia.com.br\/noticia\/wp-json\/wp\/v2\/users\/4"}],"replies":[{"embeddable":true,"href":"https:\/\/migracao.redenoticia.com.br\/noticia\/wp-json\/wp\/v2\/comments?post=205687"}],"version-history":[{"count":0,"href":"https:\/\/migracao.redenoticia.com.br\/noticia\/wp-json\/wp\/v2\/posts\/205687\/revisions"}],"wp:featuredmedia":[{"embeddable":true,"href":"https:\/\/migracao.redenoticia.com.br\/noticia\/wp-json\/wp\/v2\/media\/195894"}],"wp:attachment":[{"href":"https:\/\/migracao.redenoticia.com.br\/noticia\/wp-json\/wp\/v2\/media?parent=205687"}],"wp:term":[{"taxonomy":"category","embeddable":true,"href":"https:\/\/migracao.redenoticia.com.br\/noticia\/wp-json\/wp\/v2\/categories?post=205687"},{"taxonomy":"post_tag","embeddable":true,"href":"https:\/\/migracao.redenoticia.com.br\/noticia\/wp-json\/wp\/v2\/tags?post=205687"}],"curies":[{"name":"wp","href":"https:\/\/api.w.org\/{rel}","templated":true}]}}