{"id":205692,"date":"2021-04-22T13:17:10","date_gmt":"2021-04-22T16:17:10","guid":{"rendered":"https:\/\/www.redenoticia.com.br\/noticia\/?p=205692"},"modified":"2021-04-22T13:17:10","modified_gmt":"2021-04-22T16:17:10","slug":"novela-malhacao-sonhos-23-04-cobra-beija-jade-na-frente-de-seus-convidados","status":"publish","type":"post","link":"https:\/\/migracao.redenoticia.com.br\/noticia\/2021\/novela-malhacao-sonhos-23-04-cobra-beija-jade-na-frente-de-seus-convidados\/205692","title":{"rendered":"Novela &#8220;Malha\u00e7\u00e3o&#8221; Sonhos 23\/04:  Cobra beija Jade na frente de seus convidados"},"content":{"rendered":"<p><img loading=\"lazy\" decoding=\"async\" class=\"aligncenter size-full wp-image-202688\" src=\"https:\/\/migracao.redenoticia.com.br\/noticia\/imagens\/malhacao-sonhos-elenco-protagonistas.jpg\" alt=\"\" width=\"1280\" height=\"720\" srcset=\"https:\/\/migracao.redenoticia.com.br\/noticia\/imagens\/malhacao-sonhos-elenco-protagonistas.jpg 1280w, https:\/\/migracao.redenoticia.com.br\/noticia\/imagens\/malhacao-sonhos-elenco-protagonistas-250x140.jpg 250w, https:\/\/migracao.redenoticia.com.br\/noticia\/imagens\/malhacao-sonhos-elenco-protagonistas-400x225.jpg 400w, https:\/\/migracao.redenoticia.com.br\/noticia\/imagens\/malhacao-sonhos-elenco-protagonistas-768x432.jpg 768w, https:\/\/migracao.redenoticia.com.br\/noticia\/imagens\/malhacao-sonhos-elenco-protagonistas-150x85.jpg 150w\" sizes=\"auto, (max-width: 1280px) 100vw, 1280px\" \/><\/p>\n<p><em><strong>Resumo da novela &#8220;Malha\u00e7\u00e3o&#8221; Sonhos<\/strong><\/em> em 23\/04: no cap\u00edtulo 065(*) da novela, Bianca discute com Duca. Jade desconfia e questiona Edgard sobre a viagem de Lucr\u00e9cia. Nervoso com a situa\u00e7\u00e3o de Jeff, Lincoln destrata Sol e Wallace. Jade provoca Bianca e avisa que convidar\u00e1 Duca para uma festa em sua casa. Wallace fica radiante ao saber que participar\u00e1 do campeonato de muaythai. Gael e Pedro afirmam que Karina n\u00e3o tem condi\u00e7\u00f5es de participar do campeonato e ela se enfurece. Cobra tenta convencer Karina a treinar em sua academia.<\/p>\n<p>Delma comenta com Dandara que tentar\u00e1 reconquistar Marcelo. Roberta chama Marcelo para ir \u00e0 Aquazen. Karina decide ir com Pedro \u00e0 festa de Jade. Cobra se irrita por n\u00e3o ter sido convidado para a festa de Jade. Cobra chega \u00e0 casa de Jade e todos se incomodam. Bianca decide ir \u00e0 festa de Jade. Delma se arruma para Marcelo. Cobra beija Jade na frente de seus convidados. Marcelo vai atr\u00e1s de Roberta. Bianca enfrenta Jade ao ver que ela enviou para Duca uma foto sua dan\u00e7ando com L\u00edrio.<\/p>\n<p>(*) edi\u00e7\u00e3o das novelas da Globo, \u201cMalha\u00e7\u00e3o\u201d Sonhos, sujeito a altera\u00e7\u00e3o de data e conte\u00fado.<\/p>\n<p>Sinopse Novela &#8220;Malha\u00e7\u00e3o&#8221; Sonhos: Formar campe\u00f5es e repassar os princ\u00edpios das artes marciais para os alunos s\u00e3o alguns dos sonhos de Gael (Eriberto Le\u00e3o). Duca (Arthur Aguiar) \u00e9 seu melhor atleta. Ele est\u00e1 sempre acompanhado dos amigos Z\u00e9 (Bruno Fraga) e Marc\u00e3o (Jean Amorim). Karina (Isabella Santoni), filha de Gael, n\u00e3o aceita que o pai s\u00f3 tenha olhos para Duca e treina para ser uma grande lutadora. A ca\u00e7ula do mestre \u00e9 apaixonada pelo disc\u00edpulo do pai e n\u00e3o sabe que ele e sua irm\u00e3, Bianca (Bruna Ham\u00fa), est\u00e3o prestes a assumir o namoro.<\/p>\n","protected":false},"excerpt":{"rendered":"<p>Resumo da novela &#8220;Malha\u00e7\u00e3o&#8221; Sonhos em 23\/04: no cap\u00edtulo 065(*) da novela, Bianca discute com Duca. Jade desconfia e questiona Edgard sobre a viagem de Lucr\u00e9cia. Nervoso com a situa\u00e7\u00e3o de Jeff, Lincoln destrata Sol e Wallace. Jade provoca Bianca e avisa que convidar\u00e1 Duca para uma festa em sua casa. Wallace fica radiante ao [&hellip;]<\/p>\n","protected":false},"author":4,"featured_media":202687,"comment_status":"closed","ping_status":"closed","sticky":false,"template":"","format":"standard","meta":{"tdm_status":"","tdm_grid_status":"","footnotes":""},"categories":[447,379,375,2025,343],"tags":[441],"class_list":{"0":"post-205692","1":"post","2":"type-post","3":"status-publish","4":"format-standard","5":"has-post-thumbnail","7":"category-malhacao","8":"category-novelas","9":"category-rede-globo","10":"category-resumo","11":"category-televisao","12":"tag-resumo-do-dia"},"_links":{"self":[{"href":"https:\/\/migracao.redenoticia.com.br\/noticia\/wp-json\/wp\/v2\/posts\/205692","targetHints":{"allow":["GET"]}}],"collection":[{"href":"https:\/\/migracao.redenoticia.com.br\/noticia\/wp-json\/wp\/v2\/posts"}],"about":[{"href":"https:\/\/migracao.redenoticia.com.br\/noticia\/wp-json\/wp\/v2\/types\/post"}],"author":[{"embeddable":true,"href":"https:\/\/migracao.redenoticia.com.br\/noticia\/wp-json\/wp\/v2\/users\/4"}],"replies":[{"embeddable":true,"href":"https:\/\/migracao.redenoticia.com.br\/noticia\/wp-json\/wp\/v2\/comments?post=205692"}],"version-history":[{"count":0,"href":"https:\/\/migracao.redenoticia.com.br\/noticia\/wp-json\/wp\/v2\/posts\/205692\/revisions"}],"wp:featuredmedia":[{"embeddable":true,"href":"https:\/\/migracao.redenoticia.com.br\/noticia\/wp-json\/wp\/v2\/media\/202687"}],"wp:attachment":[{"href":"https:\/\/migracao.redenoticia.com.br\/noticia\/wp-json\/wp\/v2\/media?parent=205692"}],"wp:term":[{"taxonomy":"category","embeddable":true,"href":"https:\/\/migracao.redenoticia.com.br\/noticia\/wp-json\/wp\/v2\/categories?post=205692"},{"taxonomy":"post_tag","embeddable":true,"href":"https:\/\/migracao.redenoticia.com.br\/noticia\/wp-json\/wp\/v2\/tags?post=205692"}],"curies":[{"name":"wp","href":"https:\/\/api.w.org\/{rel}","templated":true}]}}