{"id":2057,"date":"2009-05-26T23:47:15","date_gmt":"2009-05-27T03:47:15","guid":{"rendered":"http:\/\/www.redenoticia.com.br\/noticia\/?p=2057"},"modified":"2009-05-26T23:47:15","modified_gmt":"2009-05-27T03:47:15","slug":"natacao-e-xadrez-hoje-nos-jem%e2%80%99s-de-ji-parana","status":"publish","type":"post","link":"https:\/\/migracao.redenoticia.com.br\/noticia\/2009\/natacao-e-xadrez-hoje-nos-jem%e2%80%99s-de-ji-parana\/2057","title":{"rendered":"Nata\u00e7\u00e3o e Xadrez hoje nos JEM\u2019s de Ji-Paran\u00e1"},"content":{"rendered":"<p class=\"MsoNormal\"><span style=\"font-size: 11pt; font-family: Arial;\">Hoje (27) pela manh\u00e3, os atletas da nata\u00e7\u00e3o estar\u00e3o competindo para garantir vaga nos jogos regionais.<\/span><\/p>\n<p class=\"MsoNormal\"><span style=\"font-size: 11pt; font-family: Arial;\">A competi\u00e7\u00e3o pode ser acompanhada pelo p\u00fablico no esporte clube Vera Cruz.<\/span><\/p>\n<p class=\"MsoNormal\"><span style=\"font-size: 11pt; font-family: Arial;\">Na parte da tarde a disputa ser\u00e1 o Xadrez. O evento ser\u00e1 na biblioteca municipal e exigir\u00e1 sil\u00eancio absoluto da torcida.<\/span><\/p>\n<p class=\"MsoNormal\"><span style=\"font-size: 11pt; font-family: Arial;\">Jogos de equipes seguem em gin\u00e1sios e quadras durante todo o dia.<\/span><\/p>\n<p class=\"MsoNormal\"><span style=\"font-size: 11pt; font-family: Arial;\">Amanh\u00e3 a programe-se para assistir e torcer pelos atletas do Karat\u00ea e Jud\u00f4, o dia inteiro, na escola Marechal Rondon.<\/span><\/p>\n","protected":false},"excerpt":{"rendered":"<p>Hoje (27) pela manh\u00e3, os atletas da nata\u00e7\u00e3o estar\u00e3o competindo para garantir vaga nos jogos regionais. A competi\u00e7\u00e3o pode ser acompanhada pelo p\u00fablico no esporte clube Vera Cruz. Na parte da tarde a disputa ser\u00e1 o Xadrez. O evento ser\u00e1 na biblioteca municipal e exigir\u00e1 sil\u00eancio absoluto da torcida. Jogos de equipes seguem em gin\u00e1sios [&hellip;]<\/p>\n","protected":false},"author":3,"featured_media":0,"comment_status":"open","ping_status":"open","sticky":false,"template":"","format":"standard","meta":{"tdm_status":"","tdm_grid_status":"","footnotes":""},"categories":[22],"tags":[],"class_list":{"0":"post-2057","1":"post","2":"type-post","3":"status-publish","4":"format-standard","6":"category-brasil"},"_links":{"self":[{"href":"https:\/\/migracao.redenoticia.com.br\/noticia\/wp-json\/wp\/v2\/posts\/2057","targetHints":{"allow":["GET"]}}],"collection":[{"href":"https:\/\/migracao.redenoticia.com.br\/noticia\/wp-json\/wp\/v2\/posts"}],"about":[{"href":"https:\/\/migracao.redenoticia.com.br\/noticia\/wp-json\/wp\/v2\/types\/post"}],"author":[{"embeddable":true,"href":"https:\/\/migracao.redenoticia.com.br\/noticia\/wp-json\/wp\/v2\/users\/3"}],"replies":[{"embeddable":true,"href":"https:\/\/migracao.redenoticia.com.br\/noticia\/wp-json\/wp\/v2\/comments?post=2057"}],"version-history":[{"count":0,"href":"https:\/\/migracao.redenoticia.com.br\/noticia\/wp-json\/wp\/v2\/posts\/2057\/revisions"}],"wp:attachment":[{"href":"https:\/\/migracao.redenoticia.com.br\/noticia\/wp-json\/wp\/v2\/media?parent=2057"}],"wp:term":[{"taxonomy":"category","embeddable":true,"href":"https:\/\/migracao.redenoticia.com.br\/noticia\/wp-json\/wp\/v2\/categories?post=2057"},{"taxonomy":"post_tag","embeddable":true,"href":"https:\/\/migracao.redenoticia.com.br\/noticia\/wp-json\/wp\/v2\/tags?post=2057"}],"curies":[{"name":"wp","href":"https:\/\/api.w.org\/{rel}","templated":true}]}}