{"id":205848,"date":"2021-04-26T18:04:28","date_gmt":"2021-04-26T21:04:28","guid":{"rendered":"https:\/\/www.redenoticia.com.br\/noticia\/?p=205848"},"modified":"2021-04-26T18:04:28","modified_gmt":"2021-04-26T21:04:28","slug":"resumo-imperio-27-04-cristina-fica-nervosa-ao-ver-tuane-com-victor","status":"publish","type":"post","link":"https:\/\/migracao.redenoticia.com.br\/noticia\/2021\/resumo-imperio-27-04-cristina-fica-nervosa-ao-ver-tuane-com-victor\/205848","title":{"rendered":"Resumo \u201cImp\u00e9rio\u201d 27\/04: Cristina fica nervosa ao ver Tuane com Victor"},"content":{"rendered":"<p> <img loading=\"lazy\" decoding=\"async\" class=\"aligncenter size-full wp-image-205063\" src=\"https:\/\/migracao.redenoticia.com.br\/noticia\/imagens\/novela-imperio-resumo-elenco.jpeg\" alt=\"\" width=\"1280\" height=\"720\" srcset=\"https:\/\/migracao.redenoticia.com.br\/noticia\/imagens\/novela-imperio-resumo-elenco.jpeg 1280w, https:\/\/migracao.redenoticia.com.br\/noticia\/imagens\/novela-imperio-resumo-elenco-250x140.jpeg 250w, https:\/\/migracao.redenoticia.com.br\/noticia\/imagens\/novela-imperio-resumo-elenco-400x225.jpeg 400w, https:\/\/migracao.redenoticia.com.br\/noticia\/imagens\/novela-imperio-resumo-elenco-768x432.jpeg 768w, https:\/\/migracao.redenoticia.com.br\/noticia\/imagens\/novela-imperio-resumo-elenco-150x85.jpeg 150w\" sizes=\"auto, (max-width: 1280px) 100vw, 1280px\" \/><\/p>\n<p><em><strong>Resumo novela \u201cImp\u00e9rio\u201d<\/strong><\/em> em 27\/04: no cap\u00edtulo 027(*) da novela, Maria Marta convence Cristina a aceitar a sua oferta. Carmem diz para Juliane pagar novamente por seus servi\u00e7os. Leonardo e Cl\u00e1udio discutem e \u00c9rika segue os dois. Maria Marta entrega um cheque para Cristina em troca de uma carta renunciando o parentesco com Jos\u00e9 Alfredo. Cora fica nervosa com a sobrinha por ela afirmar que cumprir\u00e1 a promessa que fez a Maria Marta. Cristina comemora com Xana e Nan\u00e1 a possibilidade de resolver os problemas de sua fam\u00edlia. Maria Marta mostra a carta escrita por Cristina para Jos\u00e9 Alfredo.<\/p>\n<p>Maria Marta n\u00e3o gosta de saber por Silviano que Lorraine tentou ligar para ela. Jos\u00e9 Alfredo marca um encontro com Maria \u00cdsis. Jos\u00e9 Alfredo guarda a carta escrita por Cristina em seu cofre. Magn\u00f3lia e Severo v\u00e3o para a casa de Maria \u00cdsis no intuito de pegar dinheiro. Cristina vai ao camel\u00f3dromo e mostra o cheque que recebeu de Maria Marta para Marc\u00e3o. Marc\u00e3o comemora com todos que trabalham no camel\u00f3dromo ao ver que Cristina vai ajud\u00e1-los a reerguer o espa\u00e7o. Jos\u00e9 Alfredo anuncia \u00e0 fam\u00edlia que ningu\u00e9m o substituir\u00e1 na empresa.<\/p>\n<p>Cristina fica nervosa ao ver Tuane com Victor<\/p>\n<p>Maria Marta diz a Jos\u00e9 Pedro para esperar a hora certa de assumir seu lugar na empresa. Jos\u00e9 Pedro conversa com Dnielle sobre o discurso de Jos\u00e9 Alfredo. Maria Marta manda Merival tirar o irm\u00e3o de Cristina da pris\u00e3o. Magn\u00f3lia fica animada quando v\u00ea Jos\u00e9 Alfredo e Maria \u00cdsis, que tenta disfar\u00e7ar a presen\u00e7a dos pais para o Comendador. Cristina conversa com Merival sobre o seu irm\u00e3o.<\/p>\n<p>Tuane vai ao sal\u00e3o de Xana. Cristina diz para Elivaldo que vai tir\u00e1-lo da pris\u00e3o. Orville se surpreende com um desenho de Salvador. Juliane se lembra do tempo em que era rainha de bateria de sua escola de samba. Tuane vai ao encontro de Victor. Jos\u00e9 Pedro questiona Jos\u00e9 Alfredo sobre a sucess\u00e3o da empresa. Lorraine consegue falar com Maria Marta por telefone. Cristina fica nervosa ao ver Tuane com Victor.<\/p>\n<p>(*) edi\u00e7\u00e3o das novelas da Globo, \u201cImp\u00e9rio\u201d, sujeito a altera\u00e7\u00e3o de data e conte\u00fado.<\/p>\n<p>Sinopse Novela &#8220;Imp\u00e9rio&#8221;: hist\u00f3ria do pernambucano Jos\u00e9 Alfredo de Medeiros (Chay Suede\/Alexandre Nero), o homem de preto. Dono de uma rede de joalherias, o Comendador tem tr\u00eas filhos com a aristocrata falida Maria Marta Mendon\u00e7a e Albuquerque (Adriana Birolli\/Lilia Cabral): Jos\u00e9 Pedro (Caio Blat), Maria Clara (Andreia Horta) e Jo\u00e3o Lucas (Daniel Rocha). Os tr\u00eas disputam a heran\u00e7a da empresa constru\u00edda pelo pai.<\/p>\n","protected":false},"excerpt":{"rendered":"<p>Resumo novela \u201cImp\u00e9rio\u201d em 27\/04: no cap\u00edtulo 027(*) da novela, Maria Marta convence Cristina a aceitar a sua oferta. Carmem diz para Juliane pagar novamente por seus servi\u00e7os. Leonardo e Cl\u00e1udio discutem e \u00c9rika segue os dois. Maria Marta entrega um cheque para Cristina em troca de uma carta renunciando o parentesco com Jos\u00e9 Alfredo. [&hellip;]<\/p>\n","protected":false},"author":2,"featured_media":205061,"comment_status":"closed","ping_status":"closed","sticky":false,"template":"","format":"standard","meta":{"tdm_status":"","tdm_grid_status":"","footnotes":""},"categories":[2196,379,375,2025,343],"tags":[441],"class_list":{"0":"post-205848","1":"post","2":"type-post","3":"status-publish","4":"format-standard","5":"has-post-thumbnail","7":"category-imperio","8":"category-novelas","9":"category-rede-globo","10":"category-resumo","11":"category-televisao","12":"tag-resumo-do-dia"},"_links":{"self":[{"href":"https:\/\/migracao.redenoticia.com.br\/noticia\/wp-json\/wp\/v2\/posts\/205848","targetHints":{"allow":["GET"]}}],"collection":[{"href":"https:\/\/migracao.redenoticia.com.br\/noticia\/wp-json\/wp\/v2\/posts"}],"about":[{"href":"https:\/\/migracao.redenoticia.com.br\/noticia\/wp-json\/wp\/v2\/types\/post"}],"author":[{"embeddable":true,"href":"https:\/\/migracao.redenoticia.com.br\/noticia\/wp-json\/wp\/v2\/users\/2"}],"replies":[{"embeddable":true,"href":"https:\/\/migracao.redenoticia.com.br\/noticia\/wp-json\/wp\/v2\/comments?post=205848"}],"version-history":[{"count":0,"href":"https:\/\/migracao.redenoticia.com.br\/noticia\/wp-json\/wp\/v2\/posts\/205848\/revisions"}],"wp:featuredmedia":[{"embeddable":true,"href":"https:\/\/migracao.redenoticia.com.br\/noticia\/wp-json\/wp\/v2\/media\/205061"}],"wp:attachment":[{"href":"https:\/\/migracao.redenoticia.com.br\/noticia\/wp-json\/wp\/v2\/media?parent=205848"}],"wp:term":[{"taxonomy":"category","embeddable":true,"href":"https:\/\/migracao.redenoticia.com.br\/noticia\/wp-json\/wp\/v2\/categories?post=205848"},{"taxonomy":"post_tag","embeddable":true,"href":"https:\/\/migracao.redenoticia.com.br\/noticia\/wp-json\/wp\/v2\/tags?post=205848"}],"curies":[{"name":"wp","href":"https:\/\/api.w.org\/{rel}","templated":true}]}}