{"id":205975,"date":"2021-04-29T12:10:04","date_gmt":"2021-04-29T15:10:04","guid":{"rendered":"https:\/\/www.redenoticia.com.br\/noticia\/?p=205975"},"modified":"2021-04-29T12:10:04","modified_gmt":"2021-04-29T15:10:04","slug":"resumo-tititi-30-04-help-descobre-que-ariclenes-e-victor-valentim","status":"publish","type":"post","link":"https:\/\/migracao.redenoticia.com.br\/noticia\/2021\/resumo-tititi-30-04-help-descobre-que-ariclenes-e-victor-valentim\/205975","title":{"rendered":"Resumo \u201cTiTiTi\u201d 30\/04: Help descobre que Ariclenes \u00e9 Victor Valentim"},"content":{"rendered":"<p><img loading=\"lazy\" decoding=\"async\" src=\"https:\/\/migracao.redenoticia.com.br\/noticia\/imagens\/tititi-elenco-personagens.jpeg\" alt=\"\" width=\"1280\" height=\"720\" class=\"aligncenter size-full wp-image-204657\" srcset=\"https:\/\/migracao.redenoticia.com.br\/noticia\/imagens\/tititi-elenco-personagens.jpeg 1280w, https:\/\/migracao.redenoticia.com.br\/noticia\/imagens\/tititi-elenco-personagens-250x140.jpeg 250w, https:\/\/migracao.redenoticia.com.br\/noticia\/imagens\/tititi-elenco-personagens-400x225.jpeg 400w, https:\/\/migracao.redenoticia.com.br\/noticia\/imagens\/tititi-elenco-personagens-768x432.jpeg 768w, https:\/\/migracao.redenoticia.com.br\/noticia\/imagens\/tititi-elenco-personagens-150x85.jpeg 150w\" sizes=\"auto, (max-width: 1280px) 100vw, 1280px\" \/><\/p>\n<p><em><strong>Resumo da novela \u201cTiTiTi\u201d<\/strong><\/em> em 30\/04: no cap\u00edtulo 025(*) da novela, Ariclenes discute com Jacques. Jaqueline tenta conhecer melhor Clotilde e a secret\u00e1ria finge se emocionar com a aten\u00e7\u00e3o. Luti afirma para Valqu\u00edria que gosta de Gabriela. Marcela se abre com Edgar e conta que o nome do pai de seu filho \u00e9 Renato. Jacques tenta seduzir Suzana. Amanda pede para Jorgito apresent\u00e1-la a Giancarlo. Gino pro\u00edbe Desir\u00e9e de se aproximar de Jorgito.<\/p>\n<p>Amanda se insinua para Giancarlo. Ariclenes espalha na internet as fotos de Victor Valentim com Paris Hilton e as clientes voltam a procurar o estilista. Help reconhece \u00c2ngelo na foto da suposta Paris Hilton com Victor Valentim. Gino v\u00ea Toninho conversando com Breno e suspeita de arma\u00e7\u00e3o.<\/p>\n<p>Rebeca decide trocar a empresa que faz a manuten\u00e7\u00e3o das m\u00e1quinas da f\u00e1brica e Breno n\u00e3o gosta. Edgar abandona o trabalho para ir para casa e deixa Luisa irritada. Ariclenes visita Cec\u00edlia. Gigi aparece no ateli\u00ea de Jacques e deixa o estilista apavorado. Help tira satisfa\u00e7\u00f5es com \u00c2ngelo e descobre que Ariclenes \u00e9 Victor Valentim.<\/p>\n<p>Jacques se recusa a atender Help<\/p>\n<p>Help avisa que vai contar tudo sobre a identidade de Victor Valentim para Jacques Leclair. Edgar conversa com os pais e os dois se reconciliam. Marcela fica surpresa com a chegada de Edgar, que a convida para uma sess\u00e3o de fotos. Camila estranha a aus\u00eancia do noivo na ag\u00eancia e Luisa sugere que ela o procure. Mabi espalha panfletos com a foto e o telefone de Luti pela faculdade e ele acha que foi mais uma arma\u00e7\u00e3o de Valqu\u00edria.<\/p>\n<p>Edgar tira fotos de Marcela quando Camila surge. Valqu\u00edria se defende da acusa\u00e7\u00e3o de Luti. Clotilde flagra Jacques e Gigi juntos e despista Jaqueline. Help questiona a coniv\u00eancia de Suzana com a farsa de Ariclenes. Jacques agradece Clotilde. Jacques se recusa a atender Help e ela fica irritada. Edgar perde a paci\u00eancia com Camila que s\u00f3 fala sobre o casamento. Marcela conversa com Edgar e ele se desculpa com a noiva. Bruna estranha as mudan\u00e7as de humor do filho.<\/p>\n<p>Luisa desabafa com Suzana e comenta que seu romance com Edgar n\u00e3o vai bem. Gino descobre que o endere\u00e7o da empresa de manuten\u00e7\u00e3o das m\u00e1quinas da f\u00e1brica \u00e9 falso e amea\u00e7a contar para Rebeca, mas \u00e9 desencorajado por Nicole. Help diz a Ariclenes que desistiu de denunci\u00e1-lo.<\/p>\n<p>(*) edi\u00e7\u00e3o das novelas da Globo, \u201cTiTiTi\u201d, sujeito a altera\u00e7\u00e3o de data e conte\u00fado.<\/p>\n<p>Sinopse &#8220;TiTiTi&#8221;: Alexandre Borges e Murilo Ben\u00edcio interpretam os rivais da hist\u00f3ria, respectivamente Jacques Leclair e Victor Valentim, que passam a novela inteira se digladiando para ver quem sobressai no mundo na moda como estilista bem-sucedido, com o nome transformado em grife e as cole\u00e7\u00f5es desfiladas nas grandes semanas de moda e fotografadas para as revistas de celebridades.<\/p>\n","protected":false},"excerpt":{"rendered":"<p>Resumo da novela \u201cTiTiTi\u201d em 30\/04: no cap\u00edtulo 025(*) da novela, Ariclenes discute com Jacques. Jaqueline tenta conhecer melhor Clotilde e a secret\u00e1ria finge se emocionar com a aten\u00e7\u00e3o. Luti afirma para Valqu\u00edria que gosta de Gabriela. Marcela se abre com Edgar e conta que o nome do pai de seu filho \u00e9 Renato. Jacques [&hellip;]<\/p>\n","protected":false},"author":4,"featured_media":204655,"comment_status":"closed","ping_status":"closed","sticky":false,"template":"","format":"standard","meta":{"tdm_status":"","tdm_grid_status":"","footnotes":""},"categories":[379,375,2025,343,2193],"tags":[441],"class_list":{"0":"post-205975","1":"post","2":"type-post","3":"status-publish","4":"format-standard","5":"has-post-thumbnail","7":"category-novelas","8":"category-rede-globo","9":"category-resumo","10":"category-televisao","11":"category-tititi","12":"tag-resumo-do-dia"},"_links":{"self":[{"href":"https:\/\/migracao.redenoticia.com.br\/noticia\/wp-json\/wp\/v2\/posts\/205975","targetHints":{"allow":["GET"]}}],"collection":[{"href":"https:\/\/migracao.redenoticia.com.br\/noticia\/wp-json\/wp\/v2\/posts"}],"about":[{"href":"https:\/\/migracao.redenoticia.com.br\/noticia\/wp-json\/wp\/v2\/types\/post"}],"author":[{"embeddable":true,"href":"https:\/\/migracao.redenoticia.com.br\/noticia\/wp-json\/wp\/v2\/users\/4"}],"replies":[{"embeddable":true,"href":"https:\/\/migracao.redenoticia.com.br\/noticia\/wp-json\/wp\/v2\/comments?post=205975"}],"version-history":[{"count":0,"href":"https:\/\/migracao.redenoticia.com.br\/noticia\/wp-json\/wp\/v2\/posts\/205975\/revisions"}],"wp:featuredmedia":[{"embeddable":true,"href":"https:\/\/migracao.redenoticia.com.br\/noticia\/wp-json\/wp\/v2\/media\/204655"}],"wp:attachment":[{"href":"https:\/\/migracao.redenoticia.com.br\/noticia\/wp-json\/wp\/v2\/media?parent=205975"}],"wp:term":[{"taxonomy":"category","embeddable":true,"href":"https:\/\/migracao.redenoticia.com.br\/noticia\/wp-json\/wp\/v2\/categories?post=205975"},{"taxonomy":"post_tag","embeddable":true,"href":"https:\/\/migracao.redenoticia.com.br\/noticia\/wp-json\/wp\/v2\/tags?post=205975"}],"curies":[{"name":"wp","href":"https:\/\/api.w.org\/{rel}","templated":true}]}}